{"id":136317,"date":"2025-09-28T23:58:16","date_gmt":"2025-09-28T23:58:16","guid":{"rendered":"https:\/\/www.europesays.com\/it\/136317\/"},"modified":"2025-09-28T23:58:16","modified_gmt":"2025-09-28T23:58:16","slug":"3-0-al-renate-e-terza-vittoria-in-quattro-gare","status":"publish","type":"post","link":"https:\/\/www.europesays.com\/it\/136317\/","title":{"rendered":"3-0 al Renate e terza vittoria in quattro gare"},"content":{"rendered":"<p>\t\t\t\t\t\t\t\t<a href=\"https:\/\/www.europesays.com\/it\/wp-content\/uploads\/2025\/09\/1000644756-1759070284.jpg\" class=\"magnific-item\"><br \/>\n\t\t\t\t\t\t\t\t\t<img tsrc=\"https:\/\/www.europesays.com\/it\/wp-content\/uploads\/2025\/09\/1000644756-1759070284.jpg\" class=\"img-fluid img_lazyload\" alt=\"Triestina da urlo: 3-0 al Renate e terza vittoria in quattro gare\" loaded=\"0\"\/><br \/>\n\t\t\t\t\t\t\t\t<\/a><\/p>\n<p style=\"text-align:justify\"><strong>La Triestina continua a far sognare i suoi tifosi. Allo stadio Nereo Rocco, gli alabardati hanno travolto il Renate con un secco 3-0, centrando cos\u00ec la terza vittoria nelle prime quattro partite di campionato e confermandosi come una delle realt\u00e0 pi\u00f9 brillanti di questo avvio di stagione in Serie C \u2013 Girone A. Pi\u00f9 che dimezzato il &#8211; 20 di inizio campionato, ora siamo a &#8211; 9.<\/strong><\/p>\n<p>&#13;<br \/>\n&#13;<\/p>\n<p style=\"text-align:justify\"><strong>Un secondo tempo da spettacolo<\/strong><\/p>\n<p>&#13;<br \/>\n&#13;<\/p>\n<p style=\"text-align:justify\"><strong>Dopo un primo tempo equilibrato e chiuso sullo 0-0, la Triestina \u00e8 esplosa nella ripresa, trascinata dall\u2019entusiasmo del pubblico di casa. Al 59\u2019 Kljajic ha sbloccato il risultato con la rete dell\u20191-0, aprendo la strada alla festa alabardata.<\/strong><\/p>\n<p>&#13;<br \/>\n&#13;<\/p>\n<p style=\"text-align:justify\"><strong>Pochi minuti dopo, al 66\u2019, Ionita ha raddoppiato portando la squadra sul 2-0, facendo esplodere di gioia i tifosi. A chiudere definitivamente i conti ci ha pensato Gunduz, che all\u201988\u2019 ha firmato il tris che ha sancito il dominio della squadra di casa. Al 94&#8242; rigore negato alla Triestina dal VAR.\u00a0<\/strong><\/p>\n<p>&#13;<br \/>\n&#13;<\/p>\n<p style=\"text-align:justify\"><strong>Una partenza che fa sognare i tifosi<\/strong><\/p>\n<p>&#13;<br \/>\n&#13;<\/p>\n<p style=\"text-align:justify\"><strong>Con questa vittoria, la Triestina conferma il suo momento magico: tre successi nelle prime quattro partite e una classifica che inizia pian piano a fare un po meno paura, alimentando ambizioni e sogni di salvezza. La solidit\u00e0 difensiva, unita alla capacit\u00e0 di colpire con cinismo e concretezza, rende la squadra un avversario temibile per chiunque.<\/strong><\/p>\n<p>&#13;<br \/>\n&#13;<\/p>\n<p style=\"text-align:justify\"><strong>RIPRODUZIONE RISERVATA\u00a0<\/strong><\/p>\n","protected":false},"excerpt":{"rendered":"La Triestina continua a far sognare i suoi tifosi. Allo stadio Nereo Rocco, gli alabardati hanno travolto il&hellip;\n","protected":false},"author":3,"featured_media":136318,"comment_status":"","ping_status":"","sticky":false,"template":"","format":"standard","meta":{"footnotes":""},"categories":[1481],"tags":[2065,2066,239,2063,2064,1537,90,89,240],"class_list":{"0":"post-136317","1":"post","2":"type-post","3":"status-publish","4":"format-standard","5":"has-post-thumbnail","7":"category-assistenza-sanitaria","8":"tag-assistenza-sanitaria","9":"tag-assistenzasanitaria","10":"tag-health","11":"tag-health-care","12":"tag-healthcare","13":"tag-it","14":"tag-italia","15":"tag-italy","16":"tag-salute"},"share_on_mastodon":{"url":"","error":""},"_links":{"self":[{"href":"https:\/\/www.europesays.com\/it\/wp-json\/wp\/v2\/posts\/136317","targetHints":{"allow":["GET"]}}],"collection":[{"href":"https:\/\/www.europesays.com\/it\/wp-json\/wp\/v2\/posts"}],"about":[{"href":"https:\/\/www.europesays.com\/it\/wp-json\/wp\/v2\/types\/post"}],"author":[{"embeddable":true,"href":"https:\/\/www.europesays.com\/it\/wp-json\/wp\/v2\/users\/3"}],"replies":[{"embeddable":true,"href":"https:\/\/www.europesays.com\/it\/wp-json\/wp\/v2\/comments?post=136317"}],"version-history":[{"count":0,"href":"https:\/\/www.europesays.com\/it\/wp-json\/wp\/v2\/posts\/136317\/revisions"}],"wp:featuredmedia":[{"embeddable":true,"href":"https:\/\/www.europesays.com\/it\/wp-json\/wp\/v2\/media\/136318"}],"wp:attachment":[{"href":"https:\/\/www.europesays.com\/it\/wp-json\/wp\/v2\/media?parent=136317"}],"wp:term":[{"taxonomy":"category","embeddable":true,"href":"https:\/\/www.europesays.com\/it\/wp-json\/wp\/v2\/categories?post=136317"},{"taxonomy":"post_tag","embeddable":true,"href":"https:\/\/www.europesays.com\/it\/wp-json\/wp\/v2\/tags?post=136317"}],"curies":[{"name":"wp","href":"https:\/\/api.w.org\/{rel}","templated":true}]}}