{"id":136425,"date":"2025-09-29T01:30:11","date_gmt":"2025-09-29T01:30:11","guid":{"rendered":"https:\/\/www.europesays.com\/it\/136425\/"},"modified":"2025-09-29T01:30:11","modified_gmt":"2025-09-29T01:30:11","slug":"letizia-di-spagna-sua-figlia-leonor-e-diventata-principessa-di-viana","status":"publish","type":"post","link":"https:\/\/www.europesays.com\/it\/136425\/","title":{"rendered":"Letizia di Spagna, sua figlia Leonor \u00e8 diventata Principessa di Viana"},"content":{"rendered":"<p>Siamo abituati a indicarla come la <strong>Principessa Leonor di Spagna<\/strong>, in quanto erede al trono, ma occorre effettuare delle precisazioni, considerando il nuovo titolo ottenuto. La giovane prosegue il suo percorso nella storia della monarchia spagnola.<\/p>\n<p>Cerimonie ufficiali e ruoli sempre pi\u00f9 importanti per lei, divenuta Principessa delle Asturie prima e <strong>Principessa di Viana<\/strong> ora. Un titolo per la primogenita di Re Felipe VI e della Regina Letizia, che affonda le radici nella storia del <strong>regno di Navarra<\/strong>. Molto pi\u00f9 di un appellativo nobiliare ed ecco quali saranno le conseguenze dirette.\n<\/p>\n<p>Principessa di Viana, un titolo storico<\/p>\n<p>Quello di Principessa di Viana \u00e8 uno dei titoli pi\u00f9 antichi della monarchia spagnola. Affonda le radici nel XV secolo, al tempo in cui la citt\u00e0 di Viana era un centro strategico fondamentale, <strong>simbolo del regno<\/strong>.<\/p>\n<p>Tradizionalmente, il titolo era conferito all\u2019erede al trono di Navarra, incorporato poi nella corona spagnola. Oggi, dunque, riceverlo vuol dire sottolineare ulteriormente il <strong>legame tra la monarchia e le differenti identit\u00e0 territoriali<\/strong> di cui \u00e8 composta la Spagna.<\/p>\n<p>La Principessa Leonor ha aggiunto un nuovo titolo, certo, ma ha soprattutto accolto la responsabilit\u00e0 di rappresentare una porzione significativa del Paese. Un messaggio d\u2019unione in un momento storico molto delicato.<\/p>\n<p>La cerimonia<\/p>\n<p>La cerimonia ufficiale per la ricezione del titolo si \u00e8 svolta ovviamente a Viana. Presenti le principali autorit\u00e0 della Navarra e, come potevano mancare, i rappresentati della Casa Reale. Elegante e dal portamento maturo, ben oltre i suoi <strong>19 anni<\/strong>, Leonor ha dimostrato d\u2019essere ben consapevole del ruolo che la attende.<\/p>\n<p>Orgogliosa come non mai, <a href=\"https:\/\/dilei.it\/reali\/letizia-di-spagna-leonor-look-coordinato-messaggio-nascosto\/1859077\/\" rel=\"nofollow noopener\" target=\"_blank\">Letizia di Spagna<\/a> le \u00e8 stata al fianco, seguendo ogni momento. <strong>Valore<\/strong> <strong>simbolico<\/strong> per la cerimonia, come detto, ma <strong>anche politico<\/strong>. La Corona ha dunque riconosciuto la pluralit\u00e0 culturale iberica.<\/p>\n<p>Futuro da Regina<\/p>\n<p>Questo \u00e8 uno dei tanti passi che attendono Leonor nel suo <strong>cammino verso il trono<\/strong>. Un passaggio cruciale che unisce storia e presente, seguito da tutto il Paese, che si attende da lei una figura in grado di trascinare realmente la Corona nel XXI secolo. Sotto questo aspetto si intravede chiaramente il filo rosso con la Famiglia Reale britannica, ovvero con William e Kate.<\/p>\n<p>Un altro step, dunque, ma non l\u2019ultimo. Va per\u00f2 a incastrarsi in un programma pi\u00f9 ampio, che l\u2019ha vista seguire un percorso formativo presso il prestigioso collegio <strong>UWC Atlantic in Galles<\/strong>. In aggiunta poi una <a href=\"https:\/\/dilei.it\/reali\/leonor-di-spagna-primo-giorno-accademia-aeronautica\/1809917\/\" rel=\"nofollow noopener\" target=\"_blank\">formazione militare<\/a>, che ha avuto inizio lo scorso anno, senza dimenticare poi gli impegni istituzionali, che per lei sono sempre pi\u00f9 frequenti.<\/p>\n<p>Il titolo di Principessa di Viana conferma tale progressione e la prepara a diventare una figura di riferimento per il futuro della Corona. All\u2019atto pratico, ci\u00f2 non le conferisce poteri specifici ma sottolineare dinanzi all\u2019intero Paese come lei sia la futura Regina.<\/p>\n","protected":false},"excerpt":{"rendered":"Siamo abituati a indicarla come la Principessa Leonor di Spagna, in quanto erede al trono, ma occorre effettuare&hellip;\n","protected":false},"author":3,"featured_media":136426,"comment_status":"","ping_status":"","sticky":false,"template":"","format":"standard","meta":{"footnotes":""},"categories":[1451],"tags":[1621,1620,203,204,1537,90,89,9249,9250,1447],"class_list":{"0":"post-136425","1":"post","2":"type-post","3":"status-publish","4":"format-standard","5":"has-post-thumbnail","7":"category-celebrita","8":"tag-celebrita","9":"tag-celebrities","10":"tag-entertainment","11":"tag-intrattenimento","12":"tag-it","13":"tag-italia","14":"tag-italy","15":"tag-letizia-di-spagna","16":"tag-principessa-leonor","17":"tag-reali"},"share_on_mastodon":{"url":"","error":""},"_links":{"self":[{"href":"https:\/\/www.europesays.com\/it\/wp-json\/wp\/v2\/posts\/136425","targetHints":{"allow":["GET"]}}],"collection":[{"href":"https:\/\/www.europesays.com\/it\/wp-json\/wp\/v2\/posts"}],"about":[{"href":"https:\/\/www.europesays.com\/it\/wp-json\/wp\/v2\/types\/post"}],"author":[{"embeddable":true,"href":"https:\/\/www.europesays.com\/it\/wp-json\/wp\/v2\/users\/3"}],"replies":[{"embeddable":true,"href":"https:\/\/www.europesays.com\/it\/wp-json\/wp\/v2\/comments?post=136425"}],"version-history":[{"count":0,"href":"https:\/\/www.europesays.com\/it\/wp-json\/wp\/v2\/posts\/136425\/revisions"}],"wp:featuredmedia":[{"embeddable":true,"href":"https:\/\/www.europesays.com\/it\/wp-json\/wp\/v2\/media\/136426"}],"wp:attachment":[{"href":"https:\/\/www.europesays.com\/it\/wp-json\/wp\/v2\/media?parent=136425"}],"wp:term":[{"taxonomy":"category","embeddable":true,"href":"https:\/\/www.europesays.com\/it\/wp-json\/wp\/v2\/categories?post=136425"},{"taxonomy":"post_tag","embeddable":true,"href":"https:\/\/www.europesays.com\/it\/wp-json\/wp\/v2\/tags?post=136425"}],"curies":[{"name":"wp","href":"https:\/\/api.w.org\/{rel}","templated":true}]}}