{"id":136544,"date":"2025-09-29T03:31:12","date_gmt":"2025-09-29T03:31:12","guid":{"rendered":"https:\/\/www.europesays.com\/it\/136544\/"},"modified":"2025-09-29T03:31:12","modified_gmt":"2025-09-29T03:31:12","slug":"incidente-feltrina-morto-giovane-vicentino","status":"publish","type":"post","link":"https:\/\/www.europesays.com\/it\/136544\/","title":{"rendered":"Incidente Feltrina, morto giovane vicentino"},"content":{"rendered":"<p>       Aggiornamento<\/p>\n<p>Si chiama Alessandro Munerato il giovane vicentino orignario di Thiene deceduto nel tragico incidente di domenica pomeriggio. La sua moto \u00e8 finita contro una Volkswagen Golf che, secondo le prime ricostruzioni, avrebbe invaso la corsia di marcia opposta viaggiando in direzione Pederobba e andando a impattare frontalmente contro la moto.\u00a0<\/p>\n<p>L&#8217;elisoccorso Falco ha invece trasportato d&#8217;urgenza al Ca&#8217; Foncello la ragazza di 22 anni che stava viaggiando in moto con Alessandro, S.S. le sue iniziali. La giovane, originaria della provincia di Campobasso, \u00e8 stata ricoverata in gravi condizioni mentre \u00e8 rimasto illeso L.B., l&#8217;autista trevigiano alla guida dell&#8217;auto finita contro la moto. La Feltrina \u00e8 rimasta chiusa al traffico durante tutte le operazioni di soccorso con disagi enormi alla circolazione.\u00a0<\/p>\n<p>Sul posto, per regolare il traffico ed eseguire i rilievi di legge, sono intervenuti gli agenti della polizia stradale di Castelfranco Veneto con i carabinieri di Cornuda insieme al personale di Pedemontana Emergenza Odv per i soccorsi.<\/p>\n<p>Tragedia sulla strada<\/p>\n<p>Tragico incidente nel Trevigiano. Erano le 16.30 di domenica pomeriggio quando i vigili del fuoco sono intervenuti lungo la Feltrina a Pederobba dove la moto guidata da un 28enne vicentino \u00e8 finita contro un&#8217;auto per ragioni in corso di accertamento.\u00a0<\/p>\n<p>La squadra dei vigili del fuoco, proveniente dal distaccamento di Montebelluna, ha messo in sicurezza i mezzi e prestato soccorso alle persone coinvolte. Nonostante la tempestivit\u00e0 dell&#8217;intervento il 28enne alla guida della moto, originario di Thiene, ha perso la vita sul colpo.\u00a0<\/p>\n<p>L&#8217;elicottero di Treviso Emergenza ha invece trasportato d&#8217;urgenza al Ca&#8217; Foncello la ragazza che stava viaggiando con il 28enne in sella alla moto. La giovane sarebbe ricoverata in gravi condizioni mentre \u00e8 rimasta illesa l&#8217;autista alla guida dell&#8217;auto contro cui \u00e8 finita la moto. Disagi e rallentamenti inevitabili alla viabilit\u00e0 lungo la Feltrina. Sul posto, per regolare il traffico ed eseguire i rilievi di legge, sono intervenuti i carabinieri di Cornuda.<\/p>\n<p>\u00a0<\/p>\n","protected":false},"excerpt":{"rendered":"Aggiornamento Si chiama Alessandro Munerato il giovane vicentino orignario di Thiene deceduto nel tragico incidente di domenica pomeriggio.&hellip;\n","protected":false},"author":3,"featured_media":136545,"comment_status":"","ping_status":"","sticky":false,"template":"","format":"standard","meta":{"footnotes":"","_share_on_mastodon":"0"},"categories":[6],"tags":[14,8,87708,1537,90,89,87709,7,15,82,9,83,10,87710,13,11,80,84,12,81,85],"class_list":["post-136544","post","type-post","status-publish","format-standard","has-post-thumbnail","category-ultime-notizie","tag-cronaca","tag-headlines","tag-incidente-feltrina","tag-it","tag-italia","tag-italy","tag-morte-vicentino","tag-news","tag-notizie","tag-notizie-di-cronaca","tag-notizie-principali","tag-notiziedicronaca","tag-notizieprincipali","tag-soccorso-stradale","tag-titoli","tag-ultime-notizie","tag-ultime-notizie-di-cronaca","tag-ultime-notizie-e-news-di-oggi","tag-ultimenotizie","tag-ultimenotiziedicronaca","tag-ultimenotizieenewsdioggi"],"share_on_mastodon":{"url":"","error":""},"_links":{"self":[{"href":"https:\/\/www.europesays.com\/it\/wp-json\/wp\/v2\/posts\/136544","targetHints":{"allow":["GET"]}}],"collection":[{"href":"https:\/\/www.europesays.com\/it\/wp-json\/wp\/v2\/posts"}],"about":[{"href":"https:\/\/www.europesays.com\/it\/wp-json\/wp\/v2\/types\/post"}],"author":[{"embeddable":true,"href":"https:\/\/www.europesays.com\/it\/wp-json\/wp\/v2\/users\/3"}],"replies":[{"embeddable":true,"href":"https:\/\/www.europesays.com\/it\/wp-json\/wp\/v2\/comments?post=136544"}],"version-history":[{"count":0,"href":"https:\/\/www.europesays.com\/it\/wp-json\/wp\/v2\/posts\/136544\/revisions"}],"wp:featuredmedia":[{"embeddable":true,"href":"https:\/\/www.europesays.com\/it\/wp-json\/wp\/v2\/media\/136545"}],"wp:attachment":[{"href":"https:\/\/www.europesays.com\/it\/wp-json\/wp\/v2\/media?parent=136544"}],"wp:term":[{"taxonomy":"category","embeddable":true,"href":"https:\/\/www.europesays.com\/it\/wp-json\/wp\/v2\/categories?post=136544"},{"taxonomy":"post_tag","embeddable":true,"href":"https:\/\/www.europesays.com\/it\/wp-json\/wp\/v2\/tags?post=136544"}],"curies":[{"name":"wp","href":"https:\/\/api.w.org\/{rel}","templated":true}]}}