{"id":13718,"date":"2025-07-28T11:28:08","date_gmt":"2025-07-28T11:28:08","guid":{"rendered":"https:\/\/www.europesays.com\/it\/13718\/"},"modified":"2025-07-28T11:28:08","modified_gmt":"2025-07-28T11:28:08","slug":"cosenza-abusava-di-un-minore-in-parrocchia-arrestato-sacerdote-per-violenza-sessuale","status":"publish","type":"post","link":"https:\/\/www.europesays.com\/it\/13718\/","title":{"rendered":"Cosenza, abusava di un minore in parrocchia. Arrestato sacerdote per violenza sessuale"},"content":{"rendered":"<p>    di<br \/>\n    Redazione Cronache<\/p>\n<p class=\"summary-art is-line-h-12\">Fermato dai carabinieri di Reggio Calabria, il religioso \u00e8 indagato per episodi risalenti al biennio 2015-2016 e protrattisi fino al 2020<\/p>\n<p class=\"chapter-paragraph\"><b>Un sacerdote \u00e8 stato arrestato in provincia di Cosenza con l&#8217;accusa di violenza sessuale ai danni di un minore<\/b>.\u00a0<\/p>\n<p class=\"chapter-paragraph\">Il religioso \u00e8 indagato per <b>episodi risalenti al biennio 2015-2016 e protrattisi fino al 2020<\/b>, dopo il raggiungimento della maggiore et\u00e0 da parte del giovane, che all&#8217;epoca aveva 16 anni,\u00a0\u00a0in esecuzione di un&#8217;ordinanza di custodia cautelare in carcere emessa dal gip di Reggio Calabria.\u00a0    &#13;<br \/>\n&#13;<br \/>\n&#13;<br \/>\n&#13;<br \/>\n&#13;<br \/>\n&#13;<br \/>\n&#13;<br \/>\n&#13;<br \/>\n&#13;<br \/>\n&#13;<br \/>\n&#13;<br \/>\n&#13;<br \/>\n&#13;<br \/>\n&#13;<br \/>\n&#13;<br \/>\n&#13;<br \/>\n&#13;<br \/>\n&#13;<br \/>\n&#13;<br \/>\n&#13;<br \/>\n&#13;<br \/>\n&#13;<br \/>\n&#13;<br \/>\n&#13;<br \/>\n&#13;<br \/>\n&#13;<br \/>\n&#13;<br \/>\n&#13;<br \/>\n&#13;<br \/>\n&#13;<br \/>\n&#13;<br \/>\n&#13;<br \/>\n&#13;<br \/>\n&#13;<br \/>\n&#13;<br \/>\n&#13;<br \/>\n&#13;<br \/>\n&#13;<br \/>\n&#13;<br \/>\n&#13;<br \/>\n&#13;<br \/>\n&#13;<br \/>\n&#13;<br \/>\n&#13;<br \/>\n&#13;<br \/>\n&#13;<br \/>\n&#13;<br \/>\n&#13;<br \/>\n&#13;<br \/>\n&#13;<br \/>\n&#13;<br \/>\n&#13;<br \/>\n&#13;\n<\/p>\n<p class=\"chapter-paragraph\">L&#8217;inchiesta ha inoltre documentato che,<b> anche dopo il trasferimento in una parrocchia della provincia di Cosenza, il sacerdote avrebbe continuato<\/b> a svolgere attivit\u00e0 a contatto con minori.<\/p>\n<p class=\"chapter-paragraph\">L&#8217;indagine coordinata dalla Procura di Reggio Calabria e diretta dal<br \/>procuratore Giuseppe Lombardo, si \u00e8 basata su riscontri testimoniali, acquisizioni documentali e attivit\u00e0 tecniche. Secondo l&#8217;ipotesi accusatoria, le violenze avrebbero avuto origine all&#8217;interno della comunit\u00e0 parrocchiale reggina. <b>La vittima, all&#8217;epoca dei primi episodi un ragazzo di 16 anni, frequentava le attivit\u00e0 pastorali e aggregative della parrocchia, organizzate proprio dal sacerdote arrestato.<\/b> L&#8217;uomo, approfittando del proprio ruolo e della condizione di disagio familiare vissuta dal giovane, avrebbe instaurato una relazione ambigua, inizialmente alimentata da adulazioni e attenzioni, poi degenerata in episodi di violenza sessuale, consumati in luoghi appartati della struttura ecclesiastica.<\/p>\n<p class=\"chapter-paragraph\"><b>Un rapporto in cui si sarebbero sovrapposti momenti di liturgia, di confidenza, e di abuso.<\/b> Secondo i carabinieri della compagnia di Reggio Calabria, in alcuni casi, dopo aver consumato gli atti sessuali, il religioso avrebbe persino impartito una benedizione alla vittima, chiedendo \u00abperdono\u00bb per l&#8217;accaduto.<\/p>\n<p class=\"chapter-paragraph\">Il ragazzo, pur vivendo con disagio e sofferenza quanto subito, faticava a ribellarsi: <b>era paralizzato, infatti, da un sentimento di soggezione e dal timore di perdere il legame con la comunit\u00e0 parrocchiale.\u00a0<\/b>Una condizione di subordinazione che il sacerdote, secondo l&#8217;accusa, avrebbe saputo alimentare con strategia e consapevolezza, fino a rendere il giovane incapace di opporsi.<\/p>\n<p class=\"is-last-update\" datetime=\"2025-07-28T12:35:17+02:00\">28 luglio 2025 ( modifica il 28 luglio 2025 | 12:35)<\/p>\n<p class=\"is-copyright\">\n            \u00a9 RIPRODUZIONE RISERVATA\n        <\/p>\n","protected":false},"excerpt":{"rendered":"di Redazione Cronache Fermato dai carabinieri di Reggio Calabria, il religioso \u00e8 indagato per episodi risalenti al biennio&hellip;\n","protected":false},"author":3,"featured_media":13719,"comment_status":"","ping_status":"","sticky":false,"template":"","format":"standard","meta":{"footnotes":"","_share_on_mastodon":"0"},"categories":[79],"tags":[506,4605,1498,17054,17055,6185,3905,931,17056,2490,17050,14,93,94,1230,229,1537,90,89,7,15,17051,7124,5819,17052,10368,17053,11,84,91,12,85,92,1467,9355],"class_list":["post-13718","post","type-post","status-publish","format-standard","has-post-thumbnail","category-italia","tag-accusa","tag-arrestato","tag-attivita","tag-biennio","tag-biennio-protrattisi","tag-calabria","tag-carabinieri","tag-comunita","tag-comunita-parrocchiale","tag-condizione","tag-cosenza","tag-cronaca","tag-cronaca-italiana","tag-cronacaitaliana","tag-episodi","tag-giovane","tag-it","tag-italia","tag-italy","tag-news","tag-notizie","tag-parrocchia","tag-reggio","tag-reggio-calabria","tag-religioso","tag-sacerdote","tag-sessuale","tag-ultime-notizie","tag-ultime-notizie-e-news-di-oggi","tag-ultime-notizie-italia","tag-ultimenotizie","tag-ultimenotizieenewsdioggi","tag-ultimenotizieitalia","tag-violenza","tag-violenza-sessuale"],"share_on_mastodon":{"url":"","error":""},"_links":{"self":[{"href":"https:\/\/www.europesays.com\/it\/wp-json\/wp\/v2\/posts\/13718","targetHints":{"allow":["GET"]}}],"collection":[{"href":"https:\/\/www.europesays.com\/it\/wp-json\/wp\/v2\/posts"}],"about":[{"href":"https:\/\/www.europesays.com\/it\/wp-json\/wp\/v2\/types\/post"}],"author":[{"embeddable":true,"href":"https:\/\/www.europesays.com\/it\/wp-json\/wp\/v2\/users\/3"}],"replies":[{"embeddable":true,"href":"https:\/\/www.europesays.com\/it\/wp-json\/wp\/v2\/comments?post=13718"}],"version-history":[{"count":0,"href":"https:\/\/www.europesays.com\/it\/wp-json\/wp\/v2\/posts\/13718\/revisions"}],"wp:featuredmedia":[{"embeddable":true,"href":"https:\/\/www.europesays.com\/it\/wp-json\/wp\/v2\/media\/13719"}],"wp:attachment":[{"href":"https:\/\/www.europesays.com\/it\/wp-json\/wp\/v2\/media?parent=13718"}],"wp:term":[{"taxonomy":"category","embeddable":true,"href":"https:\/\/www.europesays.com\/it\/wp-json\/wp\/v2\/categories?post=13718"},{"taxonomy":"post_tag","embeddable":true,"href":"https:\/\/www.europesays.com\/it\/wp-json\/wp\/v2\/tags?post=13718"}],"curies":[{"name":"wp","href":"https:\/\/api.w.org\/{rel}","templated":true}]}}