{"id":138547,"date":"2025-09-30T02:30:17","date_gmt":"2025-09-30T02:30:17","guid":{"rendered":"https:\/\/www.europesays.com\/it\/138547\/"},"modified":"2025-09-30T02:30:17","modified_gmt":"2025-09-30T02:30:17","slug":"polonia-e-forze-aeree-alleate-in-stato-di-massima-allerta-dopo-lattacco-allucraina","status":"publish","type":"post","link":"https:\/\/www.europesays.com\/it\/138547\/","title":{"rendered":"Polonia e forze aeree alleate in stato di massima allerta dopo l&#8217;attacco all&#8217;Ucraina"},"content":{"rendered":"<p>          <img decoding=\"async\" class=\"c-ad__placeholder__logo\" src=\"https:\/\/static.euronews.com\/website\/images\/logos\/logo-euronews-stacked-outlined-72x72-grey-9.svg\" width=\"72\" height=\"72\" alt=\"\" loading=\"lazy\"\/><br \/>\n          PUBBLICIT\u00c0<\/p>\n<p>Il Comando operativo delle forze armate polacche ha dichiarato domenica mattina che, a causa dell&#8217;attivit\u00e0 <a href=\"https:\/\/it.euronews.com\/2025\/09\/28\/guerra-in-ucraina-morti-e-feriti-zelensky-denuncia-attacchi-contro-obiettivi-civili\" rel=\"nofollow noopener\" target=\"_blank\">militare russa sul territorio ucraino<\/a>, &#8220;sono iniziate le operazioni dell&#8217;aviazione polacca e alleata&#8221;.<\/p>\n<p>Le coppie di caccia F-35 olandesi in stand-by e i sistemi Patriot tedeschi sono stati <strong>messi in massima allerta in Polonia<\/strong> durante l&#8217;ultimo attacco russo all&#8217;Ucraina. Dopo quattro ore, gli aerei polacchi e alleati sono tornati alle loro basi. L&#8217;esercito polacco sta monitorando costantemente la situazione.<\/p>\n<p>&#8220;A causa dell&#8217;attivit\u00e0 dell&#8217;aviazione a lungo raggio della Federazione Russa che effettua attacchi sul territorio dell&#8217;Ucraina, \u00e8 iniziata l&#8217;attivit\u00e0 dell&#8217;aviazione polacca e alleata nel nostro spazio aereo&#8221;, ha informato l&#8217;aeronautica in un post su X dopo le 4 del mattino del 28 settembre.<\/p>\n<p>&#8220;In conformit\u00e0 con le procedure in vigore, il comandante operativo della RSZ ha attivato le forze e le risorse a sua disposizione. Le coppie di caccia su chiamata sono state ritirate e i sistemi di difesa aerea e di ricognizione radar a terra <strong>hanno raggiunto lo stato di massima prontezza<\/strong>&#8220;, hanno aggiunto le autorit\u00e0 polacche.<\/p>\n<p>&#8220;Queste azioni sono di natura preventiva e mirano a mettere in sicurezza lo spazio aereo e a proteggere i cittadini, soprattutto nelle aree adiacenti alle zone minacciate&#8221;, hanno poi sottolineato.<\/p>\n<p>A causa del raid dei droni russi in Ucraina, lo spazio aereo sopra due aeroporti, Rzesz\u00f3w e Lublino, \u00e8 stato <strong>temporaneamente chiuso fino alle 6 del mattino.<\/strong> Il sito web Flightradar24 ha descritto l&#8217;azione come &#8220;attivit\u00e0 militari non pianificate legate alla sicurezza dello Stato&#8221;.<\/p>\n<p>Dopo le 8 di domenica, il Comando operativo delle Forze armate ha dichiarato che l&#8217;azione di messa in sicurezza dello spazio aereo polacco era stata completata. Ha inoltre riferito che &#8220;<strong>non \u00e8 stata osservata alcuna violazione dello spazio aereo polacco<\/strong>&#8221; da parte dei droni russi.<\/p>\n<p>I media ucraini hanno riferito che le truppe russe hanno effettuato un massiccio attacco con razzi e droni nella notte di sabato. Almeno sei persone sono rimaste ferite a causa dell&#8217;attacco.<\/p>\n","protected":false},"excerpt":{"rendered":"PUBBLICIT\u00c0 Il Comando operativo delle forze armate polacche ha dichiarato domenica mattina che, a causa dell&#8217;attivit\u00e0 militare russa&hellip;\n","protected":false},"author":3,"featured_media":138548,"comment_status":"","ping_status":"","sticky":false,"template":"","format":"standard","meta":{"footnotes":""},"categories":[160],"tags":[14,164,165,32628,166,7,15,13221,171,11,167,12,168,161,162,163],"class_list":{"0":"post-138547","1":"post","2":"type-post","3":"status-publish","4":"format-standard","5":"has-post-thumbnail","7":"category-mondo","8":"tag-cronaca","9":"tag-dal-mondo","10":"tag-dalmondo","11":"tag-guerra-in-ucraina","12":"tag-mondo","13":"tag-news","14":"tag-notizie","15":"tag-polonia","16":"tag-russia","17":"tag-ultime-notizie","18":"tag-ultime-notizie-di-mondo","19":"tag-ultimenotizie","20":"tag-ultimenotiziedimondo","21":"tag-world","22":"tag-world-news","23":"tag-worldnews"},"share_on_mastodon":{"url":"","error":""},"_links":{"self":[{"href":"https:\/\/www.europesays.com\/it\/wp-json\/wp\/v2\/posts\/138547","targetHints":{"allow":["GET"]}}],"collection":[{"href":"https:\/\/www.europesays.com\/it\/wp-json\/wp\/v2\/posts"}],"about":[{"href":"https:\/\/www.europesays.com\/it\/wp-json\/wp\/v2\/types\/post"}],"author":[{"embeddable":true,"href":"https:\/\/www.europesays.com\/it\/wp-json\/wp\/v2\/users\/3"}],"replies":[{"embeddable":true,"href":"https:\/\/www.europesays.com\/it\/wp-json\/wp\/v2\/comments?post=138547"}],"version-history":[{"count":0,"href":"https:\/\/www.europesays.com\/it\/wp-json\/wp\/v2\/posts\/138547\/revisions"}],"wp:featuredmedia":[{"embeddable":true,"href":"https:\/\/www.europesays.com\/it\/wp-json\/wp\/v2\/media\/138548"}],"wp:attachment":[{"href":"https:\/\/www.europesays.com\/it\/wp-json\/wp\/v2\/media?parent=138547"}],"wp:term":[{"taxonomy":"category","embeddable":true,"href":"https:\/\/www.europesays.com\/it\/wp-json\/wp\/v2\/categories?post=138547"},{"taxonomy":"post_tag","embeddable":true,"href":"https:\/\/www.europesays.com\/it\/wp-json\/wp\/v2\/tags?post=138547"}],"curies":[{"name":"wp","href":"https:\/\/api.w.org\/{rel}","templated":true}]}}