{"id":138694,"date":"2025-09-30T05:00:15","date_gmt":"2025-09-30T05:00:15","guid":{"rendered":"https:\/\/www.europesays.com\/it\/138694\/"},"modified":"2025-09-30T05:00:15","modified_gmt":"2025-09-30T05:00:15","slug":"verso-il-lille-lavoro-individuale-per-dybala-e-svilar-si-conferma-tra-i-migliori-in-europa","status":"publish","type":"post","link":"https:\/\/www.europesays.com\/it\/138694\/","title":{"rendered":"Verso il Lille: lavoro individuale per Dybala. E Svilar si conferma tra i migliori in Europa"},"content":{"rendered":"<p>La <strong>Roma<\/strong>, dopo la vittoria contro il <strong>Verona<\/strong> e il primo posto in classifica, non ha intenzione di fermarsi ed oggi \u00e8 tornata ad allenarsi in vista del prossimo impegno europeo contro il <strong>Lille<\/strong>. Lavoro di scarico per chi \u00e8 sceso in campo ieri, incluso <strong>Ndicka<\/strong> che contro gli scaligeri \u00e8 uscito anzitempo per un problema di crampi.<strong> El Aynaoui<\/strong> si candida ad un posto da titolare, mentre<a href=\"https:\/\/www.forzaroma.info\/news-as-roma\/trigoria-primo-allenamento-in-vista-del-lille-differenziato-per-dybala-video\/\" rel=\"nofollow noopener\" target=\"_blank\"><strong> Dybala continua il suo lavoro individuale<\/strong><\/a>. Presumibilmente, l&#8217;argentino, torner\u00e0 disponibile dopo la sosta per le <strong>Nazionali<\/strong>. I dati parlano chiaro: <strong>Svilar<\/strong> &#8211; ad oggi &#8211;<a href=\"https:\/\/www.forzaroma.info\/news-as-roma\/svilar-e-ancora-il-top-player-della-roma-i-dati-record-rispetto-ai-portieri-in-europa\/\" rel=\"nofollow noopener\" target=\"_blank\"><strong> \u00e8 uno dei migliori portieri in Europa<\/strong><\/a>. Nei maggiori 5 campionati (con almeno 4 partite giocate) \u00e8 primo per percentuale di parate (92.9%), e in top 5 per gol evitati (2.84) &#8211; prima di lui c&#8217;\u00e8 Dominik Greif del Lione, che per\u00f2 ha giocato solo 3 partite. L&#8217;anno scorso ha evitato ai giallorossi <strong>di subire 13 gol in pi\u00f9<\/strong>, mentre quest&#8217;anno \u00e8 gi\u00e0 a quota tre. La <strong>Roma<\/strong> e <strong>Gasperini <\/strong>hanno una certezza: Svilar. E l&#8217;ex Benfica vuole continuare a stupire.<\/p>\n<p class=\"is-copyright\">\u00a9 RIPRODUZIONE RISERVATA<\/p>\n","protected":false},"excerpt":{"rendered":"La Roma, dopo la vittoria contro il Verona e il primo posto in classifica, non ha intenzione di&hellip;\n","protected":false},"author":3,"featured_media":138695,"comment_status":"","ping_status":"","sticky":false,"template":"","format":"standard","meta":{"footnotes":"","_share_on_mastodon":"0"},"categories":[1452],"tags":[562,40866,721,554,4385,11075,17732,6721,19545,18967,7008,2152,3085,1740,5301,5290,5288,1976,12311,1537,90,89,13563,8797,2052,248,22284,4979,1290,4283,978,17921,88499,2301,16121,6811,987,71181,1739,1686,245,244,1857,31155,3375,52327,4472,6302,6370],"class_list":["post-138694","post","type-post","status-publish","format-standard","has-post-thumbnail","category-calcio","tag-attaccante","tag-barnaba","tag-calcio","tag-club","tag-conferma","tag-contatto","tag-convocato","tag-disponibile","tag-dovbyk","tag-dybala","tag-dzeko","tag-eta","tag-europa","tag-football","tag-gasperini","tag-giallorossi","tag-giallorosso","tag-gol","tag-individuale","tag-it","tag-italia","tag-italy","tag-lille","tag-messaggi","tag-migliori","tag-napoli","tag-nbsp","tag-parole","tag-partita","tag-partite","tag-post","tag-proprietario","tag-proprietario-lille","tag-raccontato","tag-retroscena","tag-risultato","tag-roma","tag-roma-gasperini","tag-soccer","tag-social","tag-sport","tag-sports","tag-squadra","tag-svilar","tag-tecnico","tag-tsimikas","tag-ucraino","tag-verona","tag-vista"],"share_on_mastodon":{"url":"","error":""},"_links":{"self":[{"href":"https:\/\/www.europesays.com\/it\/wp-json\/wp\/v2\/posts\/138694","targetHints":{"allow":["GET"]}}],"collection":[{"href":"https:\/\/www.europesays.com\/it\/wp-json\/wp\/v2\/posts"}],"about":[{"href":"https:\/\/www.europesays.com\/it\/wp-json\/wp\/v2\/types\/post"}],"author":[{"embeddable":true,"href":"https:\/\/www.europesays.com\/it\/wp-json\/wp\/v2\/users\/3"}],"replies":[{"embeddable":true,"href":"https:\/\/www.europesays.com\/it\/wp-json\/wp\/v2\/comments?post=138694"}],"version-history":[{"count":0,"href":"https:\/\/www.europesays.com\/it\/wp-json\/wp\/v2\/posts\/138694\/revisions"}],"wp:featuredmedia":[{"embeddable":true,"href":"https:\/\/www.europesays.com\/it\/wp-json\/wp\/v2\/media\/138695"}],"wp:attachment":[{"href":"https:\/\/www.europesays.com\/it\/wp-json\/wp\/v2\/media?parent=138694"}],"wp:term":[{"taxonomy":"category","embeddable":true,"href":"https:\/\/www.europesays.com\/it\/wp-json\/wp\/v2\/categories?post=138694"},{"taxonomy":"post_tag","embeddable":true,"href":"https:\/\/www.europesays.com\/it\/wp-json\/wp\/v2\/tags?post=138694"}],"curies":[{"name":"wp","href":"https:\/\/api.w.org\/{rel}","templated":true}]}}