{"id":138821,"date":"2025-09-30T06:38:09","date_gmt":"2025-09-30T06:38:09","guid":{"rendered":"https:\/\/www.europesays.com\/it\/138821\/"},"modified":"2025-09-30T06:38:09","modified_gmt":"2025-09-30T06:38:09","slug":"visite-mediche-oltre-i-60-giorni-codici-emilia-romagna-invita-i-cittadini-a-far-valere-i-propri-diritti-bologna24ore-it","status":"publish","type":"post","link":"https:\/\/www.europesays.com\/it\/138821\/","title":{"rendered":"Visite mediche oltre i 60 giorni, Codici Emilia-Romagna invita i cittadini a far valere i propri diritti \u2013 Bologna24ore.it"},"content":{"rendered":"<p><img loading=\"lazy\" decoding=\"async\" width=\"696\" height=\"464\" class=\"entry-thumb\" src=\"https:\/\/www.europesays.com\/it\/wp-content\/uploads\/2025\/09\/Esame-medico-696x464.jpg\"   alt=\"Esame medico\" title=\"Esame medico\"\/>(\u00a9Shutterstock.com)Troppo spesso i cittadini non conoscono i propri diritti e finiscono per accettare attese eccessive<\/p>\n<p>Sempre pi\u00f9 cittadini segnalano di appuntamenti per visite specialistiche fissati oltre i 60 giorni dalla prenotazione. Una pratica che, in molti casi, non rispetta i tempi massimi previsti dal Servizio Sanitario Nazionale per le prestazioni con priorit\u00e0 \u201cD\u201d, ovvero differita (30\/60 giorni).<\/p>\n<p>Se una visita specialistica viene fissata oltre i 60 giorni, il cittadino ha diritto a richiedere un\u2019alternativa in altra struttura pubblica o in regime intramoenia, senza costi aggiuntivi rispetto al ticket.<\/p>\n<p>\u201cTroppo spesso i cittadini non conoscono i propri diritti e finiscono per accettare attese eccessive. \u00c8 importante sapere che esiste la possibilit\u00e0 di ottenere la prestazione nei tempi stabiliti, anche in intramoenia, pagando solo il ticket\u201d, dichiara Fausto Pucillo, Segretario Regionale di Codici Emilia-Romagna.<\/p>\n<p>Codici invita i cittadini a:<br \/>controllare la priorit\u00e0 sulla ricetta del medico (U, B, D, P); segnalare al CUP quando la data proposta supera i tempi massimi previsti;  richiedere la prestazione in intramoenia senza costi aggiuntivi se non ci sono disponibilit\u00e0 nel pubblico; presentare reclamo all\u2019Ufficio Relazioni con il Pubblico in caso di mancata risposta.<\/p>\n<p>Codici Emilia-Romagna rinnova il suo impegno per la tutela dei consumatori e invita i cittadini a non rinunciare ai propri diritti: informarsi, chiedere spiegazioni e segnalare disservizi \u00e8 fondamentale per migliorare il sistema sanitario e renderlo pi\u00f9 equo per tutti. Per richiedere assistenza \u00e8 possibile contattare l\u2019associazione Codici scrivendo un\u2019e-mail a codici.emiliaromagna@codici.org, telefonando al numero 051.0548765 o consultando il sito <a href=\"http:\/\/www.codiciemiliaromagna.it\" target=\"_blank\" rel=\"noreferrer noopener nofollow\">www.codiciemiliaromagna.it<\/a>.<\/p>\n","protected":false},"excerpt":{"rendered":"(\u00a9Shutterstock.com)Troppo spesso i cittadini non conoscono i propri diritti e finiscono per accettare attese eccessive Sempre pi\u00f9 cittadini&hellip;\n","protected":false},"author":3,"featured_media":138822,"comment_status":"","ping_status":"","sticky":false,"template":"","format":"standard","meta":{"footnotes":""},"categories":[1481],"tags":[2065,2066,19807,880,239,2063,2064,1537,90,89,240,8485],"class_list":{"0":"post-138821","1":"post","2":"type-post","3":"status-publish","4":"format-standard","5":"has-post-thumbnail","7":"category-assistenza-sanitaria","8":"tag-assistenza-sanitaria","9":"tag-assistenzasanitaria","10":"tag-attese","11":"tag-diritti","12":"tag-health","13":"tag-health-care","14":"tag-healthcare","15":"tag-it","16":"tag-italia","17":"tag-italy","18":"tag-salute","19":"tag-visite-mediche"},"share_on_mastodon":{"url":"","error":""},"_links":{"self":[{"href":"https:\/\/www.europesays.com\/it\/wp-json\/wp\/v2\/posts\/138821","targetHints":{"allow":["GET"]}}],"collection":[{"href":"https:\/\/www.europesays.com\/it\/wp-json\/wp\/v2\/posts"}],"about":[{"href":"https:\/\/www.europesays.com\/it\/wp-json\/wp\/v2\/types\/post"}],"author":[{"embeddable":true,"href":"https:\/\/www.europesays.com\/it\/wp-json\/wp\/v2\/users\/3"}],"replies":[{"embeddable":true,"href":"https:\/\/www.europesays.com\/it\/wp-json\/wp\/v2\/comments?post=138821"}],"version-history":[{"count":0,"href":"https:\/\/www.europesays.com\/it\/wp-json\/wp\/v2\/posts\/138821\/revisions"}],"wp:featuredmedia":[{"embeddable":true,"href":"https:\/\/www.europesays.com\/it\/wp-json\/wp\/v2\/media\/138822"}],"wp:attachment":[{"href":"https:\/\/www.europesays.com\/it\/wp-json\/wp\/v2\/media?parent=138821"}],"wp:term":[{"taxonomy":"category","embeddable":true,"href":"https:\/\/www.europesays.com\/it\/wp-json\/wp\/v2\/categories?post=138821"},{"taxonomy":"post_tag","embeddable":true,"href":"https:\/\/www.europesays.com\/it\/wp-json\/wp\/v2\/tags?post=138821"}],"curies":[{"name":"wp","href":"https:\/\/api.w.org\/{rel}","templated":true}]}}