{"id":139069,"date":"2025-09-30T09:16:11","date_gmt":"2025-09-30T09:16:11","guid":{"rendered":"https:\/\/www.europesays.com\/it\/139069\/"},"modified":"2025-09-30T09:16:11","modified_gmt":"2025-09-30T09:16:11","slug":"turisti-ebrei-aggrediti-in-centro-a-firenze-siamo-sconvolti","status":"publish","type":"post","link":"https:\/\/www.europesays.com\/it\/139069\/","title":{"rendered":"\u201cTuristi ebrei aggrediti in centro a Firenze, siamo sconvolti\u201d"},"content":{"rendered":"<p>Firenze, 30 settembre 2025 \u2013 Appena due giorni fa un\u00a0docente fiorentino,\u00a0Davide Biosa, ha denunciato l\u2019<a rel=\"follow nofollow noopener\" href=\"https:\/\/www.lanazione.it\/firenze\/cronaca\/prof-minacciato-da-ex-allievi-sei-un-sionista-ti-massacriamo-di-botte-t6pkyo6m\" target=\"_blank\"><strong>aggressione<\/strong><\/a>\u00a0avvenuta in via della Colonna da parte di suoi ex allievi che lo hanno accusato di essere sionista e fascista. Da ieri circola sui social un <strong>video<\/strong> nel quale due turisti di origine ebraica vengono minacciati e colpiti da un uomo che, filmando lui\u00a0stesso\u00a0l\u2019aggressione,\u00a0insulta i\u00a0due giovani urlando \u201cFree Palestine\u201d. Secondo le<strong> indagini<\/strong> condotte dalla\u00a0Digos le immagini\u00a0riprese in via della Scala risalirebbero a quest\u2019estate, probabilmente ad agosto.\u00a0<\/p>\n<p>Approfondisci:<\/p>\n<p><a href=\"https:\/\/www.lanazione.it\/firenze\/cronaca\/prof-minacciato-da-ex-allievi-sei-un-sionista-ti-massacriamo-di-botte-t6pkyo6m\" class=\"ArticleEmbed_article__embed__content__Jzqnz\" rel=\"nofollow noopener\" target=\"_blank\">\u201cSionista di mer** e fascista, ti massacriamo di botte\u201d. Prof seguito e minacciato dai suoi ex studenti<img alt=\"\u201cSionista di mer** e fascista, ti massacriamo di botte\u201d. Prof seguito e minacciato dai suoi ex studenti\" loading=\"lazy\" width=\"140\" height=\"78\" decoding=\"async\" data-nimg=\"1\" style=\"color:transparent\"  src=\"https:\/\/www.europesays.com\/it\/wp-content\/uploads\/2025\/09\/t15db01-c.webp\"\/><\/a> <\/p>\n<p>\u201cProfonda indignazione e <strong>preoccupazione <\/strong>per i gravissimi episodi verificatisi\u00a0 nella nostra citt\u00e0. Un docente fiorentino \u00e8 stato aggredito e minacciato per le sue opinioni considerate \u2018sioniste\u2019\u00a0da alcuni ex studenti; due giovani di origine ebraica, turisti americani, sono stati insultati e colpiti in pieno centro da un aggressore che gridava \u2018Free Palestine\u2019. Si tratta di fatti che non possono essere minimizzati n\u00e9 archiviati come semplici episodi isolati: l&#8217;antisemitismo \u00e8 tornato a manifestarsi apertamente nelle nostre strade, e questo deve preoccupare tutta la societ\u00e0 civile\u201d. Cos\u00ec Emanuele Cocollini, presidente dell&#8217;<strong>Associazione Italia-Israele di Firenze<\/strong>. \u201cCome Associazione Italia-Israele di Firenze, denunciamo con forza questo clima di crescente ostilit\u00e0 verso gli ebrei e verso chi esprime solidariet\u00e0 a Israele &#8211; aggiunge in una nota -. Le istituzioni, a partire dal Comune, dalla Regione e dalle forze dell&#8217;ordine, hanno il dovere di reagire con fermezza, garantendo sicurezza, tutela e una risposta politica e culturale chiara e inequivocabile. Serve una presa di posizione netta e condivisa, non il silenzio o l&#8217;indifferenza\u201d.<\/p>\n<p>L&#8217;Associazione fiorentina <strong>Amici di Israele<\/strong>, con il suo presidente Kishore Bombaci, &#8220;esprime la massima solidariet\u00e0 al professor Davide Biosa, docente all&#8217;educandato statale di piazza Santissima Annunziata, vittima di un&#8217;aggressione, avvenuta in via della Colonna da parte di suoi ex allievi che lo avrebbero accusato di essere sionista e fascista\u201d.<\/p>\n<p>Per Bombaci &#8220;siamo di fronte a un fatto doppiamente grave. Da un lato perch\u00e9 esso si presenta come del tutto gratuito e privo di alcun fondamento, dall&#8217;altro perch\u00e9 riguarda dei giovani. Purtroppo la martellante campagna pro Pal che viene portata avanti sistematicamente e con una diffusione capillare ovunque \u00e8 penetrata anche nelle giovani menti, ancora immature e incapaci di esercitare quel giusto discernimento che dovrebbe portare al dialogo e al confronto democratico e non all&#8217;aggressione e alla violenza\u201d.<\/p>\n<p>Secondo Bombaci &#8220;chi esercita <strong>intolleranza<\/strong> e peggio, violenza, ha sempre torto indipendentemente dalle idee che propugna\u201d. \u201cSul punto specifico della guerra a Gaza &#8211; aggiunge -, \u00e8 da tempo che l&#8217;Associazione Fiorentina Amici di Israele denuncia questo clima pericoloso che dalla critica al Governo israeliano, \u00e8 passata all&#8217;antisemitismo ormai sdoganato, per giungere alla legittimazione della violenza e ahim\u00e8 alla sua pratica. Sempre a Firenze, due ragazzi ebrei solo stati aggrediti a colpi di cintura da un personaggio che gridava &#8216;Free Palestine\u2019\u201d.<\/p>\n","protected":false},"excerpt":{"rendered":"Firenze, 30 settembre 2025 \u2013 Appena due giorni fa un\u00a0docente fiorentino,\u00a0Davide Biosa, ha denunciato l\u2019aggressione\u00a0avvenuta in via della&hellip;\n","protected":false},"author":3,"featured_media":139070,"comment_status":"","ping_status":"","sticky":false,"template":"","format":"standard","meta":{"footnotes":""},"categories":[79],"tags":[17477,104,23006,14,93,94,11720,2266,1537,90,89,7,15,36608,16193,11,84,91,12,85,92,2392],"class_list":{"0":"post-139069","1":"post","2":"type-post","3":"status-publish","4":"format-standard","5":"has-post-thumbnail","7":"category-italia","8":"tag-aggrediti","9":"tag-centro","10":"tag-choc","11":"tag-cronaca","12":"tag-cronaca-italiana","13":"tag-cronacaitaliana","14":"tag-ebrei","15":"tag-firenze","16":"tag-it","17":"tag-italia","18":"tag-italy","19":"tag-news","20":"tag-notizie","21":"tag-sconvolti","22":"tag-turisti","23":"tag-ultime-notizie","24":"tag-ultime-notizie-e-news-di-oggi","25":"tag-ultime-notizie-italia","26":"tag-ultimenotizie","27":"tag-ultimenotizieenewsdioggi","28":"tag-ultimenotizieitalia","29":"tag-video"},"share_on_mastodon":{"url":"","error":""},"_links":{"self":[{"href":"https:\/\/www.europesays.com\/it\/wp-json\/wp\/v2\/posts\/139069","targetHints":{"allow":["GET"]}}],"collection":[{"href":"https:\/\/www.europesays.com\/it\/wp-json\/wp\/v2\/posts"}],"about":[{"href":"https:\/\/www.europesays.com\/it\/wp-json\/wp\/v2\/types\/post"}],"author":[{"embeddable":true,"href":"https:\/\/www.europesays.com\/it\/wp-json\/wp\/v2\/users\/3"}],"replies":[{"embeddable":true,"href":"https:\/\/www.europesays.com\/it\/wp-json\/wp\/v2\/comments?post=139069"}],"version-history":[{"count":0,"href":"https:\/\/www.europesays.com\/it\/wp-json\/wp\/v2\/posts\/139069\/revisions"}],"wp:featuredmedia":[{"embeddable":true,"href":"https:\/\/www.europesays.com\/it\/wp-json\/wp\/v2\/media\/139070"}],"wp:attachment":[{"href":"https:\/\/www.europesays.com\/it\/wp-json\/wp\/v2\/media?parent=139069"}],"wp:term":[{"taxonomy":"category","embeddable":true,"href":"https:\/\/www.europesays.com\/it\/wp-json\/wp\/v2\/categories?post=139069"},{"taxonomy":"post_tag","embeddable":true,"href":"https:\/\/www.europesays.com\/it\/wp-json\/wp\/v2\/tags?post=139069"}],"curies":[{"name":"wp","href":"https:\/\/api.w.org\/{rel}","templated":true}]}}