{"id":139126,"date":"2025-09-30T09:51:09","date_gmt":"2025-09-30T09:51:09","guid":{"rendered":"https:\/\/www.europesays.com\/it\/139126\/"},"modified":"2025-09-30T09:51:09","modified_gmt":"2025-09-30T09:51:09","slug":"il-rugby-italiano-entra-nella-squadra-della-fao","status":"publish","type":"post","link":"https:\/\/www.europesays.com\/it\/139126\/","title":{"rendered":"Il rugby italiano entra nella squadra della FAO"},"content":{"rendered":"<p style=\"color: #222222; margin: 0cm 0cm 10pt; text-align: justify;\">La <strong>Federazione Italiana Rugby<\/strong> (FIR) ha varcato un nuovo traguardo fuori dal campo, diventando ufficialmente parte della comunit\u00e0 dei<strong> \u201cFAO Champions\u201d<\/strong>, il programma dell\u2019<strong>Organizzazione delle<\/strong> <strong>Nazioni Unite per l\u2019Alimentazione <\/strong>e l\u2019Agricoltura nato per diffondere stili di vita sani e sostenibili. Una collaborazione che arriva in occasione dell\u201980\u00ba anniversario della FAO ed inaugurata ieri nella Giornata Internazionale della Consapevolezza sulle Perdite e gli Sprechi Alimentari.<\/p>\n<p>Il rugby italiano entra nella squadra della FAO: insieme contro sprechi e cattive abitudini alimentari<\/p>\n<p style=\"color: #222222; margin: 0cm 0cm 10pt; text-align: justify;\"> L\u2019obiettivo \u00e8 ambizioso: usare la forza dello sport per sensibilizzare atleti, tifosi e intere comunit\u00e0 sull\u2019importanza di scelte alimentari consapevoli, della sostenibilit\u00e0 e della lotta contro lo spreco. \u201cLo sport unisce e ispira. Attraverso collaborazioni come questa possiamo amplificare messaggi fondamentali sull\u2019alimentazione sana, la riduzione dello spreco alimentare e la costruzione di un futuro alimentare sicuro, insieme\u201d,\u00a0ha dichiarato <strong>Maurizio Martina, Vice Direttore Generale della FAO.<\/strong> <\/p>\n<p style=\"color: #222222; margin: 0cm 0cm 10pt; text-align: justify;\">Il percorso prender\u00e0 corpo nei prossimi mesi e avr\u00e0 un momento clou a Roma, il 16 e 17 ottobre, quando la FIR parteciper\u00e0 alle celebrazioni della Giornata Mondiale dell\u2019Alimentazione e della Junior World Food Day nella sede della FAO. Per l\u2019occasione, il rugby italiano schierer\u00e0 in campo un team d\u2019eccezione guidato dal presidente<strong> Andrea Duodo<\/strong> e dalla vice presidente<strong> Antonella Gualandri<\/strong>, affiancati da figure simboliche come i \u201cCenturioni\u201d <strong>Leonardo Ghiraldini, Sara Barattin e Lucia Gai<\/strong>, oltre a giocatori delle Nazionali maggiori e delle squadre giovanili.<\/p>\n<p style=\"color: #222222; margin: 0cm 0cm 10pt; text-align: justify;\"> Il programma metter\u00e0 i giovani al centro, con iniziative pensate per avvicinarli ai temi della nutrizione. Tra queste, una sessione di cucina interattiva firmata dallo chef Alessandro Borghese insieme ai giocatori della FIR: un\u2019occasione pratica e divertente per scoprire cosa significa mangiare bene.\u00a0\u201cIl rugby ci insegna che i pi\u00f9 grandi traguardi si raggiungono con coraggio, disciplina e lavoro di squadra, principi che vogliamo sostenere nella lotta contro la fame e a favore della sostenibilit\u00e0\u201d,\u00a0ha sottolineato<strong> il presidente della FIR Andrea Duodo.<\/strong> <\/p>\n<p style=\"color: #222222; margin: 0cm 0cm 10pt; text-align: justify;\">Sulla stessa linea<strong> l\u2019ex capitano della Nazionale Leonardo Ghiraldini<\/strong>, oggi consigliere federale con delega alla sostenibilit\u00e0:\u00a0\u201cIl rugby \u00e8 una scuola di vita. Ci insegna ad avere cura degli altri e ad agire con consapevolezza. Con questa partnership vogliamo ispirare i giovani a comprendere l\u2019impatto delle loro scelte sulla salute, sulle comunit\u00e0 e sul pianeta\u201d.\u00a0L\u2019alleanza con la FAO prende il via con il lancio di due video: il primo dedicato alla riduzione delle perdite e degli sprechi alimentari, il secondo pensato per celebrare gli ottant\u2019anni dell\u2019agenzia delle Nazioni Unite. Due strumenti di comunicazione che anticipano l\u2019appuntamento del 17 ottobre con la Junior World Food Day, giornata simbolo per diffondere alle nuove generazioni l\u2019importanza di nutrirsi in modo equilibrato e rispettoso dell\u2019ambiente.<\/p>\n","protected":false},"excerpt":{"rendered":"La Federazione Italiana Rugby (FIR) ha varcato un nuovo traguardo fuori dal campo, diventando ufficialmente parte della comunit\u00e0&hellip;\n","protected":false},"author":3,"featured_media":139127,"comment_status":"","ping_status":"","sticky":false,"template":"","format":"standard","meta":{"footnotes":"","_share_on_mastodon":"0"},"categories":[1458],"tags":[88532,79757,1537,90,89,1840,8264,245,244],"class_list":["post-139126","post","type-post","status-publish","format-standard","has-post-thumbnail","category-rugby","tag-abitudini-alimentari","tag-fao","tag-it","tag-italia","tag-italy","tag-rugby","tag-sostenibilita","tag-sport","tag-sports"],"share_on_mastodon":{"url":"","error":""},"_links":{"self":[{"href":"https:\/\/www.europesays.com\/it\/wp-json\/wp\/v2\/posts\/139126","targetHints":{"allow":["GET"]}}],"collection":[{"href":"https:\/\/www.europesays.com\/it\/wp-json\/wp\/v2\/posts"}],"about":[{"href":"https:\/\/www.europesays.com\/it\/wp-json\/wp\/v2\/types\/post"}],"author":[{"embeddable":true,"href":"https:\/\/www.europesays.com\/it\/wp-json\/wp\/v2\/users\/3"}],"replies":[{"embeddable":true,"href":"https:\/\/www.europesays.com\/it\/wp-json\/wp\/v2\/comments?post=139126"}],"version-history":[{"count":0,"href":"https:\/\/www.europesays.com\/it\/wp-json\/wp\/v2\/posts\/139126\/revisions"}],"wp:featuredmedia":[{"embeddable":true,"href":"https:\/\/www.europesays.com\/it\/wp-json\/wp\/v2\/media\/139127"}],"wp:attachment":[{"href":"https:\/\/www.europesays.com\/it\/wp-json\/wp\/v2\/media?parent=139126"}],"wp:term":[{"taxonomy":"category","embeddable":true,"href":"https:\/\/www.europesays.com\/it\/wp-json\/wp\/v2\/categories?post=139126"},{"taxonomy":"post_tag","embeddable":true,"href":"https:\/\/www.europesays.com\/it\/wp-json\/wp\/v2\/tags?post=139126"}],"curies":[{"name":"wp","href":"https:\/\/api.w.org\/{rel}","templated":true}]}}