{"id":139193,"date":"2025-09-30T10:33:11","date_gmt":"2025-09-30T10:33:11","guid":{"rendered":"https:\/\/www.europesays.com\/it\/139193\/"},"modified":"2025-09-30T10:33:11","modified_gmt":"2025-09-30T10:33:11","slug":"diagnosi-precoce-per-battere-il-tumore-al-seno","status":"publish","type":"post","link":"https:\/\/www.europesays.com\/it\/139193\/","title":{"rendered":"diagnosi precoce per battere il tumore al seno"},"content":{"rendered":"\n<p>Ottobre torna a tingersi di rosa e con esso si rinnova<strong class=\"nero\"> l\u2019impegno per sensibilizzare le donne sull\u2019importanza della prevenzione del tumore al seno<\/strong>. Non \u00e8 soltanto una ricorrenza simbolica: la campagna nazionale che accompagna questo mese rappresenta un richiamo concreto a non trascurare la propria salute e a <strong class=\"nero\">dire s\u00ec agli screening<\/strong>, perch\u00e9 la diagnosi precoce pu\u00f2 fare la differenza.<\/p>\n<p>Il <strong class=\"nero\">tumore della mammella \u00e8 purtroppo la neoplasia pi\u00f9 frequente nelle donne<\/strong>. Secondo il rapporto \u00abI numeri del cancro in Italia 2024\u00bb, nel nostro Paese <strong class=\"nero\">vivono 925.000 donne <\/strong>dopo una diagnosi di carcinoma mammario. Un numero che racconta da un lato la diffusione della patologia, dall\u2019altro i progressi fatti nella cura e nella capacit\u00e0 di individuare la malattia sempre pi\u00f9 tempestivamente.<strong class=\"nero\"> La ricerca e la medicina hanno reso possibile una riduzione della mortalit\u00e0<\/strong>, anche se negli ultimi decenni si \u00e8 registrato un costante aumento delle diagnosi, segno di una maggiore attenzione e di una pi\u00f9 ampia copertura dei controlli.<\/p>\n<p>La prevenzione resta l\u2019arma pi\u00f9 potente. I fattori di rischio sono diversi e comprendono et\u00e0, familiarit\u00e0, <strong class=\"nero\">fattori ormonali e riproduttivi, stili di vita poco salutari<\/strong>, oltre a situazioni cliniche pregresse. Non tutti possono essere modificati, ma c\u2019\u00e8 un aspetto che dipende direttamente dalle nostre scelte: aderire agli screening. Secondo l\u2019Osservatorio Nazionale Screening, la mammografia organizzata, se diffusa in maniera capillare, riduce la mortalit\u00e0 dal 20 al 38 per cento. Numeri che parlano chiaro e che confermano quanto sia decisivo sottoporsi regolarmente ai controlli.<\/p>\n<p>Nel nostro territorio, Ats Bergamo \u00e8 in prima linea nei programmi di screening di Regione Lombardia. L\u2019offerta \u00e8 stata estesa alla<strong class=\"nero\"> fascia d\u2019et\u00e0 tra i 45 e i 74 anni<\/strong>, ampliando cos\u00ec la platea delle donne coinvolte. I dati pi\u00f9 aggiornati mostrano che nel biennio 2024-2025 il 91 per cento delle donne aventi diritto ha ricevuto l\u2019invito e che la copertura complessiva si attesta al 54 per cento. <strong class=\"nero\">Solo nel 2025, fino al 30 giugno, le invitate sono state 68.260 e l\u2019adesione ha raggiunto il 71 per cento<\/strong>. Un segnale positivo, che conferma un passo avanti rispetto agli anni precedenti, anche se resta ancora margine per migliorare la partecipazione e rendere pi\u00f9 uniforme l\u2019accesso all\u2019interno della popolazione eleggibile.<\/p>\n<p>\u00abOttobre Rosa rappresenta per Ats Bergamo un momento importante di sensibilizzazione \u2013 sottolinea Nicoletta Castelli, Direttore Sanitario dell\u2019Agenzia \u2013. Il tumore al seno, se diagnosticato precocemente, ha buone prospettive di cura: per questo \u00e8 essenziale che le donne aderiscano agli inviti allo screening. L\u2019estensione alla fascia 45-74 anni deve andare di pari passo con il rafforzamento della cultura della prevenzione, che \u00e8 una corresponsabilit\u00e0 individuale e collettiva. Ci impegniamo non solo a garantire l\u2019offerta, ma anche a rendere pi\u00f9 semplice l\u2019accesso: il nostro obiettivo \u00e8 accompagnare le donne, ridurre le disuguaglianze e alzare sempre pi\u00f9 l\u2019asticella della prevenzione sul territorio bergamasco\u00bb.<\/p>\n<p>Ottobre Rosa non \u00e8 dunque un appuntamento retorico, ma un\u2019occasione per ricordare che la salute passa da gesti concreti e da una scelta di responsabilit\u00e0 verso se stesse. Partecipare ai programmi di screening significa regalarsi una possibilit\u00e0 in pi\u00f9 e trasformare la diagnosi precoce in uno strumento di cura e di speranza.<\/p>\n","protected":false},"excerpt":{"rendered":"Ottobre torna a tingersi di rosa e con esso si rinnova l\u2019impegno per sensibilizzare le donne sull\u2019importanza della&hellip;\n","protected":false},"author":3,"featured_media":139194,"comment_status":"","ping_status":"","sticky":false,"template":"","format":"standard","meta":{"footnotes":""},"categories":[175],"tags":[88630,239,1537,90,89,370,5277,88629,30129,20749,35739,240],"class_list":{"0":"post-139193","1":"post","2":"type-post","3":"status-publish","4":"format-standard","5":"has-post-thumbnail","7":"category-salute","8":"tag-ats-bergamo","9":"tag-health","10":"tag-it","11":"tag-italia","12":"tag-italy","13":"tag-malattia","14":"tag-medicina","15":"tag-nicoletta-castelli","16":"tag-politica-salute","17":"tag-regione-lombardia","18":"tag-ricerca-medica","19":"tag-salute"},"share_on_mastodon":{"url":"","error":""},"_links":{"self":[{"href":"https:\/\/www.europesays.com\/it\/wp-json\/wp\/v2\/posts\/139193","targetHints":{"allow":["GET"]}}],"collection":[{"href":"https:\/\/www.europesays.com\/it\/wp-json\/wp\/v2\/posts"}],"about":[{"href":"https:\/\/www.europesays.com\/it\/wp-json\/wp\/v2\/types\/post"}],"author":[{"embeddable":true,"href":"https:\/\/www.europesays.com\/it\/wp-json\/wp\/v2\/users\/3"}],"replies":[{"embeddable":true,"href":"https:\/\/www.europesays.com\/it\/wp-json\/wp\/v2\/comments?post=139193"}],"version-history":[{"count":0,"href":"https:\/\/www.europesays.com\/it\/wp-json\/wp\/v2\/posts\/139193\/revisions"}],"wp:featuredmedia":[{"embeddable":true,"href":"https:\/\/www.europesays.com\/it\/wp-json\/wp\/v2\/media\/139194"}],"wp:attachment":[{"href":"https:\/\/www.europesays.com\/it\/wp-json\/wp\/v2\/media?parent=139193"}],"wp:term":[{"taxonomy":"category","embeddable":true,"href":"https:\/\/www.europesays.com\/it\/wp-json\/wp\/v2\/categories?post=139193"},{"taxonomy":"post_tag","embeddable":true,"href":"https:\/\/www.europesays.com\/it\/wp-json\/wp\/v2\/tags?post=139193"}],"curies":[{"name":"wp","href":"https:\/\/api.w.org\/{rel}","templated":true}]}}