{"id":139227,"date":"2025-09-30T10:52:10","date_gmt":"2025-09-30T10:52:10","guid":{"rendered":"https:\/\/www.europesays.com\/it\/139227\/"},"modified":"2025-09-30T10:52:10","modified_gmt":"2025-09-30T10:52:10","slug":"la-sveglia-i-gol-di-fabio-e-filippo-grosso","status":"publish","type":"post","link":"https:\/\/www.europesays.com\/it\/139227\/","title":{"rendered":"La sveglia: i gol di Fabio e Filippo Grosso"},"content":{"rendered":"<p>                                Grosso jr subito in gol al debutto da titolare in B col Frosinone, che il pap\u00e0 in panchina riport\u00f2 in A. In Germania nel 2006 era nel pancione della mamma quando Fabio ci regal\u00f2 due gol indimenticabili, in semifinale e in finale<\/p>\n<p class=\"paragraph\" spellcheck=\"true\">Gli stessi riccioli scuri, lo stesso sorriso luminoso, la stessa gioia da &#8220;Non ci credo!&#8221; urlata in corsa, esattamente come suo padre Fabio, dopo il meraviglioso gol alla Germania nella gloriosa semifinale mondiale del 2006. Filippo Grosso, 19 anni, sabato scorso allo stadio Martelli di Mantova, ha segnato il gol del 3-0. Prima partita in B, titolare, primo gol. Con la maglia del Frosinone che suo pap\u00e0 riport\u00f2 in A nel 2023. Una gioia da non credere, appunto. Filippo era al Westfalenstadion quel 4 luglio 2006, dentro alla pancia di mamma Jessica. A un soffio dai supplementari, Pirlo imbuc\u00f2 in area una magia e Fabio disegn\u00f2 una cometa che fin\u00ec in rete. Dal boato dello stadio e dall\u2019emozione della mamma, Filippo intu\u00ec che la vita sarebbe stata una gran bella cosa. Jessica, figlia di un ex giocatore, allenatore, dirigente, tifava nella torcida delle mogli azzurre: &#8220;Ma io per la pancia non posso mettermi la maglia di Fabio&#8221;. A noi inviati raccont\u00f2 le sue emozioni e la loro storia. Telefonai a Giacinto Facchetti per parlare di Grosso che la sua Inter aveva appena acquistato. A quel ragazzo dal sinistro fatato e dalle buone maniere, consegnava volentieri la sua antica fascia mancina. Gli piaceva. &#8220;Se riesco, vengo a Berlino, cos\u00ec lo conosco e tifo Italia in finale&#8221;. Facchetti era in ospedale minato dal male. Non ci riusc\u00ec. Si spense il 4 settembre. Tre giorni pi\u00f9 tardi venne al mondo Filippo Grosso che ha appena segnato il primo gol da professionista, a Mantova, dove fin\u00ec la Grande Inter. La vita \u00e8 questo gomitolo di gioia e di dolore. Sono quasi 20 anni che ci manca la luce di Giacinto.<\/p>\n","protected":false},"excerpt":{"rendered":"Grosso jr subito in gol al debutto da titolare in B col Frosinone, che il pap\u00e0 in panchina&hellip;\n","protected":false},"author":3,"featured_media":139228,"comment_status":"","ping_status":"","sticky":false,"template":"","format":"standard","meta":{"footnotes":""},"categories":[1452],"tags":[2201,721,15504,15234,9435,83959,1426,19513,1740,5281,88642,3044,88643,19143,1976,7560,350,1537,90,89,19838,2219,4002,13504,1353,3608,1739,245,244],"class_list":{"0":"post-139227","1":"post","2":"type-post","3":"status-publish","4":"format-standard","5":"has-post-thumbnail","7":"category-calcio","8":"tag-appena","9":"tag-calcio","10":"tag-fabio","11":"tag-facchetti","12":"tag-filippo","13":"tag-filippo-grosso","14":"tag-finale","15":"tag-fini","16":"tag-football","17":"tag-frosinone","18":"tag-frosinone-papa","19":"tag-germania","20":"tag-giacinto","21":"tag-gioia","22":"tag-gol","23":"tag-grosso","24":"tag-inter","25":"tag-it","26":"tag-italia","27":"tag-italy","28":"tag-jessica","29":"tag-maglia","30":"tag-mamma","31":"tag-mantova","32":"tag-mondiale","33":"tag-padre","34":"tag-soccer","35":"tag-sport","36":"tag-sports"},"share_on_mastodon":{"url":"","error":""},"_links":{"self":[{"href":"https:\/\/www.europesays.com\/it\/wp-json\/wp\/v2\/posts\/139227","targetHints":{"allow":["GET"]}}],"collection":[{"href":"https:\/\/www.europesays.com\/it\/wp-json\/wp\/v2\/posts"}],"about":[{"href":"https:\/\/www.europesays.com\/it\/wp-json\/wp\/v2\/types\/post"}],"author":[{"embeddable":true,"href":"https:\/\/www.europesays.com\/it\/wp-json\/wp\/v2\/users\/3"}],"replies":[{"embeddable":true,"href":"https:\/\/www.europesays.com\/it\/wp-json\/wp\/v2\/comments?post=139227"}],"version-history":[{"count":0,"href":"https:\/\/www.europesays.com\/it\/wp-json\/wp\/v2\/posts\/139227\/revisions"}],"wp:featuredmedia":[{"embeddable":true,"href":"https:\/\/www.europesays.com\/it\/wp-json\/wp\/v2\/media\/139228"}],"wp:attachment":[{"href":"https:\/\/www.europesays.com\/it\/wp-json\/wp\/v2\/media?parent=139227"}],"wp:term":[{"taxonomy":"category","embeddable":true,"href":"https:\/\/www.europesays.com\/it\/wp-json\/wp\/v2\/categories?post=139227"},{"taxonomy":"post_tag","embeddable":true,"href":"https:\/\/www.europesays.com\/it\/wp-json\/wp\/v2\/tags?post=139227"}],"curies":[{"name":"wp","href":"https:\/\/api.w.org\/{rel}","templated":true}]}}