{"id":139354,"date":"2025-09-30T12:11:11","date_gmt":"2025-09-30T12:11:11","guid":{"rendered":"https:\/\/www.europesays.com\/it\/139354\/"},"modified":"2025-09-30T12:11:11","modified_gmt":"2025-09-30T12:11:11","slug":"oliveira-e-chantra-salutano-la-motogp-per-approdare-in-superbike-nel-2026","status":"publish","type":"post","link":"https:\/\/www.europesays.com\/it\/139354\/","title":{"rendered":"Oliveira e Chantra salutano la MotoGP per approdare in Superbike nel 2026"},"content":{"rendered":"<p>Il mercato di MotoGP e di Superbike si intrecciano ancora una volta. Questa mattina \u00e8 stato annunciato il futuro di due piloti che in questa stagione stanno correndo nel Motomondiale e che, nel 2026 correranno invece nella massima categoria dedicata alle moto derivate di serie.<\/p>\n<p>Stiamo parlando di Miguel Oliveira e Somkiat Chantra. Due piloti che nel corso di questa stagione, tra infortuni e difficolt\u00e0 nell&#8217;adattarsi alle rispettive moto.<\/p>\n<p>Il pilota portoghese era certo da tempo di non avere pi\u00f9 spazio nel team Prima Pramac Yamaha in MotoGP, a cui sono stati preferiti il pluri campione del mondo di Superbike, Toprak Razgatlioglu, e l&#8217;attuale compagno di squadra Jack Miller.<\/p>\n<p>Oliveira approder\u00e0 nel 2026 in World Superbike nel team ufficiale BMW, diventando cos\u00ec il nuovo compagno di squadra di Danilo Petrucci. Il team bavarese, dunque, cambier\u00e0 completamente piloti per la prossima stagione, avendo gi\u00e0 perso Razgatlioglu (che correr\u00e0 in MotoGP) e Michael van der Mark che aveva gi\u00e0 annunciato il suo addio alla categoria da qualche giorno.<\/p>\n<p>&#8220;Entrare a far parte della famiglia BMW nel WorldSBK \u00e8 un passo entusiasmante nella mia carriera, in cui vedo un potenziale enorme&#8221;, ha dichiarato Oliveira dopo l&#8217;annuncio del suo passaggio in BMW.<\/p>\n<p>&#8220;Sto entrando a far parte di un progetto che non solo \u00e8 ambizioso e competitivo, ma che ha anche avuto un impatto significativo sia sul campionato che sull&#8217;industria motociclistica. Essere coinvolto in una nuova squadra, lavorare al fianco di partner forti e abbracciare un nuovo formato di campionato mi d\u00e0 una grande motivazione per dare il meglio di me stesso&#8221;. <\/p>\n<p>&#8220;Desidero ringraziare sinceramente il signor Sven Blusch, il direttore tecnico Chris Gonschor e il team principal Shaun Muir per la loro fiducia e il loro entusiasmo. Non vedo l&#8217;ora di iniziare questo nuovo capitolo insieme&#8221;.<\/p>\n<p>   <img decoding=\"async\" draggable=\"false\" src=\"https:\/\/www.europesays.com\/it\/wp-content\/uploads\/2025\/09\/1759234271_775_somkiat-chantra-team-lcr-honda.jpg\" alt=\"Somkiat Chantra, Team LCR Honda\" width=\"1200\" height=\"800\" loading=\"lazy\"\/> <\/p>\n<p class=\"title\">Somkiat Chantra, Team LCR Honda<\/p>\n<p class=\"photographer\">Foto di: Gold and Goose Photography \/ LAT Images \/ via Getty Images<\/p>\n<p>Lo stesso percorso, ovvero dalla MotoGP alla Superbike, lo far\u00e0 anche Somkiat Chantra. Il pilota del team Idemitsu Honda LCR continuer\u00e0 a difendere i colori della Casa giapponese, ma nel campionato dedicato alle moto di serie.<\/p>\n<p>Dopo una stagione deludente, costellata di infortuni e prestazioni non all&#8217;altezza della categoria, Chantra diverr\u00e0 uno dei due piloti ufficiali del team Honda a partire dal 2026, nuovo compagno di squadra di Jake Dixon.<\/p>\n<p>Taichi Honda, direttore generale dell&#8217;HRC, ha dichiarato: &#8220;Siamo lieti di dare il benvenuto a Somkiat Chantra e Jake Dixon come piloti ufficiali del team Honda HRC WorldSBK a partire dal 2026. Chantra, il primo pilota thailandese ad aver vinto in Moto2 e ad aver corso in MotoGP, compie ora un nuovo importante passo all&#8217;interno della famiglia Honda, proseguendo la sua carriera ai massimi livelli internazionali come primo pilota thailandese a competere a tempo pieno nel Campionato Mondiale Superbike come pilota ufficiale&#8221;.<\/p>\n<p>&#8220;Dixon, plurivincitore del Gran Premio Moto2, ha costantemente dimostrato la velocit\u00e0 e la determinazione necessarie per avere successo in un campionato competitivo come il WorldSBK. Insieme, il loro talento, la loro esperienza e il loro spirito agonistico saranno risorse preziose per continuare a rafforzare la nostra posizione nella serie. Rimaniamo pienamente impegnati nel progetto WorldSBK, con un obiettivo chiaro: riportare Honda al vertice del campionato&#8221;.<\/p>\n","protected":false},"excerpt":{"rendered":"Il mercato di MotoGP e di Superbike si intrecciano ancora una volta. Questa mattina \u00e8 stato annunciato il&hellip;\n","protected":false},"author":3,"featured_media":139355,"comment_status":"","ping_status":"","sticky":false,"template":"","format":"standard","meta":{"footnotes":""},"categories":[1455],"tags":[1537,90,89,1783,1785,1784,88666,245,244,14894],"class_list":{"0":"post-139354","1":"post","2":"type-post","3":"status-publish","4":"format-standard","5":"has-post-thumbnail","7":"category-moto","8":"tag-it","9":"tag-italia","10":"tag-italy","11":"tag-moto","12":"tag-motogp","13":"tag-motorcycle","14":"tag-oliveira-e-chantra-salutano-la-motogp-per-approdare-in-superbike-nel-2026","15":"tag-sport","16":"tag-sports","17":"tag-wsbk"},"share_on_mastodon":{"url":"","error":""},"_links":{"self":[{"href":"https:\/\/www.europesays.com\/it\/wp-json\/wp\/v2\/posts\/139354","targetHints":{"allow":["GET"]}}],"collection":[{"href":"https:\/\/www.europesays.com\/it\/wp-json\/wp\/v2\/posts"}],"about":[{"href":"https:\/\/www.europesays.com\/it\/wp-json\/wp\/v2\/types\/post"}],"author":[{"embeddable":true,"href":"https:\/\/www.europesays.com\/it\/wp-json\/wp\/v2\/users\/3"}],"replies":[{"embeddable":true,"href":"https:\/\/www.europesays.com\/it\/wp-json\/wp\/v2\/comments?post=139354"}],"version-history":[{"count":0,"href":"https:\/\/www.europesays.com\/it\/wp-json\/wp\/v2\/posts\/139354\/revisions"}],"wp:featuredmedia":[{"embeddable":true,"href":"https:\/\/www.europesays.com\/it\/wp-json\/wp\/v2\/media\/139355"}],"wp:attachment":[{"href":"https:\/\/www.europesays.com\/it\/wp-json\/wp\/v2\/media?parent=139354"}],"wp:term":[{"taxonomy":"category","embeddable":true,"href":"https:\/\/www.europesays.com\/it\/wp-json\/wp\/v2\/categories?post=139354"},{"taxonomy":"post_tag","embeddable":true,"href":"https:\/\/www.europesays.com\/it\/wp-json\/wp\/v2\/tags?post=139354"}],"curies":[{"name":"wp","href":"https:\/\/api.w.org\/{rel}","templated":true}]}}