{"id":13940,"date":"2025-07-28T13:53:10","date_gmt":"2025-07-28T13:53:10","guid":{"rendered":"https:\/\/www.europesays.com\/it\/13940\/"},"modified":"2025-07-28T13:53:10","modified_gmt":"2025-07-28T13:53:10","slug":"tour-vs-giro-questione-di-medie-questione-di-velocita","status":"publish","type":"post","link":"https:\/\/www.europesays.com\/it\/13940\/","title":{"rendered":"TOUR vs GIRO. QUESTIONE DI MEDIE, QUESTIONE DI VELOCITA&#8217;"},"content":{"rendered":"<p>            <a class=\"category\" href=\"https:\/\/www.tuttobiciweb.it\/articles\/category\/TOUR%20DE%20FRANCE\" itemprop=\"about\" rel=\"nofollow noopener\" target=\"_blank\">TOUR DE FRANCE<\/a> | 28\/07\/2025 | 13:01<br \/>\n            <a class=\"author\" href=\"https:\/\/www.tuttobiciweb.it\/articles\/author\/Benjamin%20Le%20Goff\" rel=\"nofollow noopener\" target=\"_blank\">di Benjamin Le Goff<\/a><\/p>\n<p>Il sistema per fotografare esattamente la differenza tra Giro e Tour non esiste perch\u00e9 mille sono le variabili, ma certo d&#8217;aiuto possono essere i numeri. E allora proviamo a leggere il principale, quello della media oraria finale: <strong>Pogacar ha finito la Grande Boucle percorrendo 3.298,6 km alla media di 43,389 km\/h.<\/strong> Letteralmente polverizzata la media record che era stata fatta segnare da<strong> Jonas Vingegaard<\/strong> con 42,102 tre anni fa.\n            <\/p>\n<p>Riavvolgete il nastro della memoria: praticamente per una sola tappa, la numero 3, il gruppo al Tour ha alzato un po&#8217; il piede dall&#8217;acceleratore, per il resto <strong>sono sempre andati a tutta dall&#8217;inizio alla fine di ogni tappa<\/strong> e, come spesso accade, in quelle pi\u00f9 dure sono andate ancora pi\u00f9 forte! E la media record \u00e8 stata fatta in<strong> una corsa che ha proposto 52.500 metri di dislivello.<\/strong>\n            <\/p>\n<p>Pogacar detiene anche<strong> il record della media oraria pi\u00f9 veloce di sempre al Giro d&#8217;Italia<\/strong>: lo scorso anno ha pedalato alla media di 41,860 km\/h in <strong>una corsa di 3.317,5 km<\/strong> con aveva <strong>un dislivello totale di 44.650 metri.<\/strong> La spiegazione? Avversari diversi, motivazioni diverse, corsa diversa. <br \/>E non \u00e8 \u00e8 difficile capire perch\u00e9 ieri a Parigi i corridori siano arrivati svuotati&#8230;<\/p>\n<p>\n    <a href=\"https:\/\/www.tuttobiciweb.it\/article\/2025\/07\/28\/1753701562\/cycling-tour-de-france-pogacar-record?lang=en\" rel=\"nofollow noopener\" target=\"_blank\"><img decoding=\"async\" src=\"https:\/\/www.europesays.com\/it\/wp-content\/uploads\/2025\/07\/enver.png\"\/><\/a><\/p>\n<p>Copyright &amp;copy TBW<\/p>\n","protected":false},"excerpt":{"rendered":"TOUR DE FRANCE | 28\/07\/2025 | 13:01 di Benjamin Le Goff Il sistema per fotografare esattamente la differenza&hellip;\n","protected":false},"author":3,"featured_media":13941,"comment_status":"","ping_status":"","sticky":false,"template":"","format":"standard","meta":{"footnotes":""},"categories":[1456],"tags":[1824,1825,1537,90,89,1931,3421,245,244,1826],"class_list":{"0":"post-13940","1":"post","2":"type-post","3":"status-publish","4":"format-standard","5":"has-post-thumbnail","7":"category-ciclismo","8":"tag-ciclismo","9":"tag-cycling","10":"tag-it","11":"tag-italia","12":"tag-italy","13":"tag-pogacar","14":"tag-record","15":"tag-sport","16":"tag-sports","17":"tag-tour-de-france"},"share_on_mastodon":{"url":"","error":""},"_links":{"self":[{"href":"https:\/\/www.europesays.com\/it\/wp-json\/wp\/v2\/posts\/13940","targetHints":{"allow":["GET"]}}],"collection":[{"href":"https:\/\/www.europesays.com\/it\/wp-json\/wp\/v2\/posts"}],"about":[{"href":"https:\/\/www.europesays.com\/it\/wp-json\/wp\/v2\/types\/post"}],"author":[{"embeddable":true,"href":"https:\/\/www.europesays.com\/it\/wp-json\/wp\/v2\/users\/3"}],"replies":[{"embeddable":true,"href":"https:\/\/www.europesays.com\/it\/wp-json\/wp\/v2\/comments?post=13940"}],"version-history":[{"count":0,"href":"https:\/\/www.europesays.com\/it\/wp-json\/wp\/v2\/posts\/13940\/revisions"}],"wp:featuredmedia":[{"embeddable":true,"href":"https:\/\/www.europesays.com\/it\/wp-json\/wp\/v2\/media\/13941"}],"wp:attachment":[{"href":"https:\/\/www.europesays.com\/it\/wp-json\/wp\/v2\/media?parent=13940"}],"wp:term":[{"taxonomy":"category","embeddable":true,"href":"https:\/\/www.europesays.com\/it\/wp-json\/wp\/v2\/categories?post=13940"},{"taxonomy":"post_tag","embeddable":true,"href":"https:\/\/www.europesays.com\/it\/wp-json\/wp\/v2\/tags?post=13940"}],"curies":[{"name":"wp","href":"https:\/\/api.w.org\/{rel}","templated":true}]}}