{"id":139572,"date":"2025-09-30T14:34:35","date_gmt":"2025-09-30T14:34:35","guid":{"rendered":"https:\/\/www.europesays.com\/it\/139572\/"},"modified":"2025-09-30T14:34:35","modified_gmt":"2025-09-30T14:34:35","slug":"lultimo-ballo-in-uscita-il-nuovo-singolo-di-luk3","status":"publish","type":"post","link":"https:\/\/www.europesays.com\/it\/139572\/","title":{"rendered":"&#8216;L&#8217;ultimo ballo&#8217;, in uscita il nuovo singolo di Luk3"},"content":{"rendered":"<p>Sar\u00e0 disponibile dal 1\u00b0ottobre \u201cL\u2019ultimo ballo\u201d, il nuovo singolo di LUK3, il giovanissimo cantautore campano che si \u00e8 fatto amare dal pubblico di Amici 24.<\/p>\n<p>Scritta da Luca Pasquariello (Luk3) con Tommaso Santoni (Rondine) e Gianmarco Grande (GRND) e prodotta da quest\u2019ultimo, \u201cL\u2019ultimo ballo\u201d parla della fine di una storia d\u2019amore che porta dietro i suoi strascichi. Con atmosfere sospese e un sound coinvolgente e suggestivo, il brano porta un significato molto profondo per l\u2019artista, esplorando il tema di un amore che continua a vivere sotto forma di desiderio, ricordo e presenza invisibile.<\/p>\n<p>\u00a0\u201cL\u2019ultimo ballo \u00e8 il momento in cui una storia finita si sfiora ancora, tra vetri rotti e ricordi che bruciano \u2013 dichiara Luk3 \u2013 racconta il dolore di aver detto addio, ma anche il desiderio che rimane, quell\u2019impossibile voglia di non lasciarsi davvero. Tra parole che confessano errori e passi che avvicinano, ogni nota \u00e8 un ultimo ballo intenso e fragile, dove l\u2019amore continua a farsi sentire, anche quando fa male&#8221;.\u00a0<\/p>\n<p>LUK3, classe 2007, nome d\u2019arte di Luca Pasquariello, \u00e8 un giovane cantautore nato a Marcianise, in provincia di Caserta. Fin da bambino ha sviluppato una profonda passione per la musica, iniziando a suonare la chitarra con il supporto della famiglia e scrivendo la sua prima canzone a soli 13 anni.\u00a0<\/p>\n<p>Prima di entrare ad Amici 24, LUK3 aveva gi\u00e0 conquistato il pubblico del web, costruendo una fanbase solida e appassionata tra Instagram e TikTok, dove conta centinaia di migliaia di follower (662k su TikTok e 283k su Instagram). Alcuni suoi brani sono diventati virali, tra cui \u201cTutta Rosa\u201d (in collaborazione con Ascanio e Vyperr), \u201cAlice\u201d (sempre con Ascanio), \u201cSara\u201d e \u201cChiamer\u00f2 mio figlio con il nome tuo\u201d.\u00a0<\/p>\n<p>Durante il suo percorso nel talent, ha conquistato il pubblico con uno stile fresco e autentico, presentando inediti come \u201cParigi in motorino\u201d, \u201cValentine\u201d, \u201cPiangi\u201d e \u201cRoma lo sa\u201d, tanto da superare i 15 milioni di stream su Spotify.\u00a0<\/p>\n<p>Conclusa l\u2019esperienza nel programma, pubblica il singolo estivo \u201cBianca-Prada\u201d, seguito dal suo EP d\u2019esordio \u201cDiciotto\u201d, che, nella prima settimana di uscita ha debuttato al 2\u00b0 posto nella classifica \u201cCD, Vinili e Musicassette\u201d e al 7\u00b0 posto nella classifica FIMI Album.\u00a0<\/p>\n<p>LUK3 ha dichiarato: \u201cSono felice perch\u00e9 a 18 anni so gi\u00e0 cosa far\u00f2 per tutta la vita. Palchi, adrenalina, scrivere e cantare fino a perdere la voce, \u00e8 tutto quello che voglio\u201d.<\/p>\n<p><img decoding=\"async\" src=\"https:\/\/www.europesays.com\/it\/wp-content\/uploads\/2025\/09\/luk3-official-cover-3-_b.jpg\" alt=\"LUK3 - OFFICIAL COVER (3)_b\" title=\"LUK3 - OFFICIAL COVER (3)_b\"\/><\/p>\n<p>\u00a0<\/p>\n","protected":false},"excerpt":{"rendered":"Sar\u00e0 disponibile dal 1\u00b0ottobre \u201cL\u2019ultimo ballo\u201d, il nuovo singolo di LUK3, il giovanissimo cantautore campano che si \u00e8&hellip;\n","protected":false},"author":3,"featured_media":139573,"comment_status":"","ping_status":"","sticky":false,"template":"","format":"standard","meta":{"footnotes":""},"categories":[1443],"tags":[203,204,1537,90,89,88755,88754,1538,1539,4409],"class_list":{"0":"post-139572","1":"post","2":"type-post","3":"status-publish","4":"format-standard","5":"has-post-thumbnail","7":"category-musica","8":"tag-entertainment","9":"tag-intrattenimento","10":"tag-it","11":"tag-italia","12":"tag-italy","13":"tag-lultimo-ballo","14":"tag-luk3","15":"tag-music","16":"tag-musica","17":"tag-singolo"},"share_on_mastodon":{"url":"","error":""},"_links":{"self":[{"href":"https:\/\/www.europesays.com\/it\/wp-json\/wp\/v2\/posts\/139572","targetHints":{"allow":["GET"]}}],"collection":[{"href":"https:\/\/www.europesays.com\/it\/wp-json\/wp\/v2\/posts"}],"about":[{"href":"https:\/\/www.europesays.com\/it\/wp-json\/wp\/v2\/types\/post"}],"author":[{"embeddable":true,"href":"https:\/\/www.europesays.com\/it\/wp-json\/wp\/v2\/users\/3"}],"replies":[{"embeddable":true,"href":"https:\/\/www.europesays.com\/it\/wp-json\/wp\/v2\/comments?post=139572"}],"version-history":[{"count":0,"href":"https:\/\/www.europesays.com\/it\/wp-json\/wp\/v2\/posts\/139572\/revisions"}],"wp:featuredmedia":[{"embeddable":true,"href":"https:\/\/www.europesays.com\/it\/wp-json\/wp\/v2\/media\/139573"}],"wp:attachment":[{"href":"https:\/\/www.europesays.com\/it\/wp-json\/wp\/v2\/media?parent=139572"}],"wp:term":[{"taxonomy":"category","embeddable":true,"href":"https:\/\/www.europesays.com\/it\/wp-json\/wp\/v2\/categories?post=139572"},{"taxonomy":"post_tag","embeddable":true,"href":"https:\/\/www.europesays.com\/it\/wp-json\/wp\/v2\/tags?post=139572"}],"curies":[{"name":"wp","href":"https:\/\/api.w.org\/{rel}","templated":true}]}}