{"id":139687,"date":"2025-09-30T15:41:15","date_gmt":"2025-09-30T15:41:15","guid":{"rendered":"https:\/\/www.europesays.com\/it\/139687\/"},"modified":"2025-09-30T15:41:15","modified_gmt":"2025-09-30T15:41:15","slug":"le-confidenze-privatissime-a-caterina-balivo","status":"publish","type":"post","link":"https:\/\/www.europesays.com\/it\/139687\/","title":{"rendered":"le confidenze privatissime a Caterina Balivo"},"content":{"rendered":"<p>L&#8217;esordio di Martina Colombari<a href=\"https:\/\/www.today.it\/tv\/news\/ballando-stelle\/martina-colombari-vita-privata.html\" rel=\"nofollow noopener\" target=\"_blank\"> sulla pista di Ballando con le stelle<\/a> \u00e8 stato accompagnato dalle critiche al suo eccessivo autocontrollo: nel tango con Luca Favilla la modella \u00e8 apparsa poco propensa a lasciarsi andare e troppo attenta a una performance che cos\u00ec \u00e8 risultata poco sentita. Riguardo ai motivi che hanno reso cos\u00ec poco spontanea l&#8217;esibizione, la stessa Martina ha parlato oggi a La Volta Buona, ospite di Caterina Balivo di cui \u00e8 molto amica nella vita privata.<\/p>\n<p>&#8220;Utilizzare il corpo come Martina e non su un servizio fotografico, \u00e8 differente&#8221;, ha spiegato Colombari, tra le pi\u00f9 giovani Miss Italia della storia (aveva solo 16 anni quando venne eletta nel 1991) che cos\u00ec ha spiegato la ragione per cui faccia cos\u00ec tanta fatica a lasciarsi andare nel ballo: &#8220;Sono una donna di spettacolo, ma sabato sera su quella pista scende Martina, non un personaggio. Non \u00e8 facile perch\u00e9 sono stata accusata dalla giuria per essere rigida, contenuta, ma la vita mi ha portato a strutturarmi tanto. Non solo per la vittoria cos\u00ec giovane a un concorso di bellezza, ma per quello che ne \u00e8 arrivato dopo con la famiglia, mio figlio&#8221;.<\/p>\n<p><a href=\"https:\/\/www.today.it\/gossip\/vip\/martina-colombari-confessa-buco-proprio-in-mezzo.html\" target=\"_blank\" rel=\"nofollow noopener\">Martina Colombari confessa un problema comune a tante donne: &#8220;Ho un buco proprio in mezzo&#8221;<\/a>L&#8217;accenno al figlio Achille\u00a0<\/p>\n<p>Colombari non ha fatto chiaro riferimento al <a href=\"https:\/\/www.today.it\/tv\/news\/chi-e-achille-costacurta-e-il-rapporto-con-mamma-martina-colombari.html\" rel=\"nofollow noopener\" target=\"_blank\">difficile rapporto con il suo Achille, <\/a>ma non \u00e8 difficile comprendere che fosse ai recenti problemi affrontati negli ultimi tempi che si riferisse quando ha proseguito con il racconto: &#8220;Ci vedono come personaggi su un piedistallo, con una vita fatta solo di lustrini, ma non \u00e8 cos\u00ec. Se non fossi stata cos\u00ec corazzata non so se sarei riuscita a reggere tutto quello che \u00e8 successo&#8221;.<\/p>\n<p>Evidente l&#8217;emozione sul volto di Martina, la stessa che si \u00e8 percepita nello sguardo di Caterina Balivo ascoltando le sue confidenze private: &#8220;Sei di una bellezza disarmante, hai sposato un calciatore che \u00e8 anche una persona perbene, state insieme da trent&#8217;anni. Sembra che la vita di abbia dato qualsiasi cosa&#8230;&#8221;, il commento della conduttrice volto a spiegare come poi, al di l\u00e0 di ogni apparenza, dietro l&#8217;immagine si nascondono spesso grandissimi dolori. Ed \u00e8 stato allora che gli occhi di Colombari si sono fatti lucidi: &#8220;Sembra che non mi sia concesso di sentirmi vulnerabile&#8221;, ha aggiunto tra gli applausi del pubblico.\u00a0<\/p>\n<p>Di seguito le parole di Martina Colombari a La Volta Buona\u00a0<\/p>\n<blockquote class=\"instagram-media\" style=\"background-color:#FFF;border-radius:3px;border-width:0;box-shadow:0 0 1px 0 rgba(0,0,0,0.5),0 1px 10px 0 rgba(0,0,0,0.15);margin:1px;max-width:540px;min-width:326px;padding:0;width:calc(100% - 2px);\" data-instgrm-captioned=\"\" data-instgrm-permalink=\"https:\/\/www.instagram.com\/reel\/DPL9UtejLIH\/?utm_source=ig_embed&amp;utm_campaign=loading\" data-instgrm-version=\"14\"\/>\n<p>      <script async src=\"\/\/www.instagram.com\/embed.js\"><\/script><\/p>\n","protected":false},"excerpt":{"rendered":"L&#8217;esordio di Martina Colombari sulla pista di Ballando con le stelle \u00e8 stato accompagnato dalle critiche al suo&hellip;\n","protected":false},"author":3,"featured_media":139688,"comment_status":"","ping_status":"","sticky":false,"template":"","format":"standard","meta":{"footnotes":""},"categories":[1480],"tags":[88773,1944,88774,239,1537,90,89,240,1942,1943,1940,1941],"class_list":{"0":"post-139687","1":"post","2":"type-post","3":"status-publish","4":"format-standard","5":"has-post-thumbnail","7":"category-salute-femminile","8":"tag-ballando-con-le-stelle-colombari-critiche","9":"tag-femminile","10":"tag-figlio-martina-colombari","11":"tag-health","12":"tag-it","13":"tag-italia","14":"tag-italy","15":"tag-salute","16":"tag-salute-femminile","17":"tag-salutefemminile","18":"tag-womens-health","19":"tag-womenshealth"},"share_on_mastodon":{"url":"","error":""},"_links":{"self":[{"href":"https:\/\/www.europesays.com\/it\/wp-json\/wp\/v2\/posts\/139687","targetHints":{"allow":["GET"]}}],"collection":[{"href":"https:\/\/www.europesays.com\/it\/wp-json\/wp\/v2\/posts"}],"about":[{"href":"https:\/\/www.europesays.com\/it\/wp-json\/wp\/v2\/types\/post"}],"author":[{"embeddable":true,"href":"https:\/\/www.europesays.com\/it\/wp-json\/wp\/v2\/users\/3"}],"replies":[{"embeddable":true,"href":"https:\/\/www.europesays.com\/it\/wp-json\/wp\/v2\/comments?post=139687"}],"version-history":[{"count":0,"href":"https:\/\/www.europesays.com\/it\/wp-json\/wp\/v2\/posts\/139687\/revisions"}],"wp:featuredmedia":[{"embeddable":true,"href":"https:\/\/www.europesays.com\/it\/wp-json\/wp\/v2\/media\/139688"}],"wp:attachment":[{"href":"https:\/\/www.europesays.com\/it\/wp-json\/wp\/v2\/media?parent=139687"}],"wp:term":[{"taxonomy":"category","embeddable":true,"href":"https:\/\/www.europesays.com\/it\/wp-json\/wp\/v2\/categories?post=139687"},{"taxonomy":"post_tag","embeddable":true,"href":"https:\/\/www.europesays.com\/it\/wp-json\/wp\/v2\/tags?post=139687"}],"curies":[{"name":"wp","href":"https:\/\/api.w.org\/{rel}","templated":true}]}}