{"id":139881,"date":"2025-09-30T17:43:15","date_gmt":"2025-09-30T17:43:15","guid":{"rendered":"https:\/\/www.europesays.com\/it\/139881\/"},"modified":"2025-09-30T17:43:15","modified_gmt":"2025-09-30T17:43:15","slug":"quando-ero-al-gf-la-casa-era-una-topaia-il-calendario-con-alessia-fabiani-trash-ma-siamo-ancora-amiche","status":"publish","type":"post","link":"https:\/\/www.europesays.com\/it\/139881\/","title":{"rendered":"\u00abQuando ero al GF la casa era una topaia. Il calendario con Alessia Fabiani? Trash, ma siamo ancora amiche\u00bb"},"content":{"rendered":"<p>&#13;<br \/>\n                               &#13;<br \/>\n                                                &#13;<br \/>\n                &#13;<\/p>\n<p>Sono passati ventiquattro anni dal\u00a0suo ingresso nella casa pi\u00f9 spiata d\u2019Italia: da allora\u00a0<strong>Mascia Ferri,\u00a0<\/strong>una delle protagoniste della seconda edizione insieme a\u00a0concorrenti poi diventati celebri\u00a0come <strong>Flavio Montrucchio, Eleonora Daniele e Filippo Nardi<\/strong>, non si \u00e8 persa un&#8217;edizione del reality che l\u2019ha lanciata in televisione.\u00a0\u00abS\u00ec, un po\u2019 come tutti lo guardo ogni anno\u00bb,\u00a0confessa con la schiettezza che l\u2019ha sempre contraddistinta. Oggi il\u00a0<strong><a href=\"https:\/\/www.leggo.it\/t\/grande-fratello\" rel=\"nofollow noopener\" target=\"_blank\">Grande Fratello<\/a><\/strong>\u00a0torna alle origini con la versione\u00a0<strong><a href=\"https:\/\/www.leggo.it\/t\/nip\" rel=\"nofollow noopener\" target=\"_blank\">Nip<\/a><\/strong>, condotta da\u00a0<strong><a href=\"https:\/\/www.leggo.it\/t\/simona-ventura\" rel=\"nofollow noopener\" target=\"_blank\">Simona Ventura<\/a>\u200b<\/strong>. \u00abCon Simona ho anche avuto il piacere di lavorare per due anni a \u201cQuelli che\u2026 il calcio\u201d\u00bb, racconta al Corriere della Sera.<\/p>\n<p>&#13;<br \/>\n&#13;<br \/>\n&#13;<br \/>\n&#13;<br \/>\n<strong>La vera Mascia<\/strong>&#13;<br \/>\n&#13;<\/p>\n<p>Nel 2001, era la bionda esplosiva che conquistava coinquilini e pubblico con la sua energia magnetica e la sua\u00a0sensualit\u00e0 ammaliante. \u00abCi\u00f2 che \u00e8 venuto fuori di me \u00e8 il mio essere diretta, genuina, schietta, una romagnola doc. A questo poi si aggiunge una <strong>fisicit\u00e0 prorompente<\/strong>\u00bb, riconosce.<\/p>\n<p>&#13;<br \/>\n&#13;<br \/>\n&#13;<br \/>\n&#13;<br \/>\n<strong>\u00abNon ero pi\u00f9 stimolata, mi sono reinventata\u00bb<\/strong>&#13;<br \/>\n&#13;<\/p>\n<p>Dopo anni di televisione e di popolarit\u00e0 alle stelle, Mascia ha scelto di tornare in Romagna e di reinventarsi: oggi \u00e8 madre di due figlie e gestisce, insieme al\u00a0marito <strong>Cristiano Ricciardella<\/strong>, una rete di locali a <strong><a href=\"https:\/\/www.leggo.it\/t\/ravenna\" rel=\"nofollow noopener\" target=\"_blank\">Ravenna<\/a><\/strong> ed\u00a0uno stabilimento balneare a Marina di Ravenna. \u00abNon ero pi\u00f9 stimolata perch\u00e9 il mondo dello spettacolo \u00e8 ottimo finch\u00e9 si cavalca l\u2019onda. <\/p>\n<p>Nel tempo si diventa sempre meno appetibili tranne che non si sia un grandissimo personaggio\u00bb, racconta.\u00a0&#13;<br \/>\n&#13;<br \/>\n<strong>I lati &#8220;oscuri&#8221; del GF<\/strong>&#13;<br \/>\n&#13;<\/p>\n<p>Il ricordo del GF resta vivido, anche nei suoi aspetti pi\u00f9 crudi: \u00abLa casa dell\u2019epoca non era una villa in stile hollywoodiano\u2026 <strong>era una specie di topaia<\/strong> con due camerate, un bagno da dividere in 14\u2026 la cosa che pi\u00f9 odiavo\u00bb. Invivibile dentro, altrettanto fuori: \u00abEro letteralmente assalita dalle persone\u2026 giravo con il cappuccio scortata dalle due guardie del corpo che ho dovuto assumere\u00bb.<\/p>\n<p>&#13;<br \/>\n&#13;<br \/>\n<strong>Amori e amicizie<\/strong>&#13;<br \/>\n&#13;<\/p>\n<p>Mascia ricorda affettuosamente la sua relazione con <strong>Alessandro Lukacs<\/strong>:<strong>\u00a0<\/strong>un amore, il loro, sorto all&#8217;interno della casa e coltivato per circa un anno\u00a0al di fuori del programma. \u00abAbbiamo vissuto una bella storia, durata circa un anno, che si \u00e8 spenta gradualmente e senza lasciare strascichi\u00bb, racconta. A dividerli,\u00a0la distanza e le differenze caratteriali: \u00abLui era di Napoli e doveva ancora terminare gli studi\u2026 io mi spostavo soprattutto al nord e gi\u00e0 lavoravo. E anche il carattere, lui era molto posato e tranquillo, io pi\u00f9 energica e grintosa\u00bb. Oggi, tra di loro, vige serenit\u00e0: \u00ab<strong>Siamo rimasti in buoni rapporti<\/strong> e, anche se ognuno ha la sua vita, non avremmo problemi a fare due chiacchiere qualora capitasse\u00bb.<\/p>\n<p>&#13;<br \/>\n&#13;<\/p>\n<p>Con gli altri ex concorrenti dell&#8217;edizione, Mascia non ha rapporti, fatta eccezione per <strong>Filippo Nardi<\/strong>: \u00abMi \u00e8 venuto a trovare al mare di recente\u00bb. E tra le amicizie nate nel mondo dello spettacolo, non si pu\u00f2 non menzionare quella con <strong><a href=\"https:\/\/www.leggo.it\/t\/alessia-fabiani\" rel=\"nofollow noopener\" target=\"_blank\">Alessia Fabiani<\/a><\/strong>: \u00abAbbiamo fatto insieme tre anni di \u201cLucignolo\u201d e un anno di \u201cOn The Road\u201d, oltre che un calendario che ha fatto molto discutere\u00bb, ammette, definendolo \u00abtrash\u00bb. \u00abSiamo tuttora ottime amiche, da allora non ci siamo mai lasciate\u00bb.<\/p>\n<p>                                &#13;<br \/>\n                &#13;<br \/>\n&#13;<br \/>\n                Ultimo aggiornamento: marted\u00ec 30 settembre 2025, 17:26&#13;<br \/>\n                <br \/>&#13;<br \/>\n                &#13;<br \/>\n                  &#13;<br \/>\n                    &#13;<br \/>\n                        \u00a9 RIPRODUZIONE RISERVATA&#13;<\/p>\n<p>&#13;<\/p>\n<p>                    &#13;<\/p>\n","protected":false},"excerpt":{"rendered":"&#13; &#13; &#13; &#13; Sono passati ventiquattro anni dal\u00a0suo ingresso nella casa pi\u00f9 spiata d\u2019Italia: da allora\u00a0Mascia Ferri,\u00a0una&hellip;\n","protected":false},"author":3,"featured_media":139882,"comment_status":"","ping_status":"","sticky":false,"template":"","format":"standard","meta":{"footnotes":""},"categories":[1444],"tags":[203,6061,204,1537,90,89,88876,87724,14149,253],"class_list":{"0":"post-139881","1":"post","2":"type-post","3":"status-publish","4":"format-standard","5":"has-post-thumbnail","7":"category-tv","8":"tag-entertainment","9":"tag-grande-fratello","10":"tag-intrattenimento","11":"tag-it","12":"tag-italia","13":"tag-italy","14":"tag-mascia-ferri","15":"tag-nip","16":"tag-simona-ventura","17":"tag-tv"},"share_on_mastodon":{"url":"","error":""},"_links":{"self":[{"href":"https:\/\/www.europesays.com\/it\/wp-json\/wp\/v2\/posts\/139881","targetHints":{"allow":["GET"]}}],"collection":[{"href":"https:\/\/www.europesays.com\/it\/wp-json\/wp\/v2\/posts"}],"about":[{"href":"https:\/\/www.europesays.com\/it\/wp-json\/wp\/v2\/types\/post"}],"author":[{"embeddable":true,"href":"https:\/\/www.europesays.com\/it\/wp-json\/wp\/v2\/users\/3"}],"replies":[{"embeddable":true,"href":"https:\/\/www.europesays.com\/it\/wp-json\/wp\/v2\/comments?post=139881"}],"version-history":[{"count":0,"href":"https:\/\/www.europesays.com\/it\/wp-json\/wp\/v2\/posts\/139881\/revisions"}],"wp:featuredmedia":[{"embeddable":true,"href":"https:\/\/www.europesays.com\/it\/wp-json\/wp\/v2\/media\/139882"}],"wp:attachment":[{"href":"https:\/\/www.europesays.com\/it\/wp-json\/wp\/v2\/media?parent=139881"}],"wp:term":[{"taxonomy":"category","embeddable":true,"href":"https:\/\/www.europesays.com\/it\/wp-json\/wp\/v2\/categories?post=139881"},{"taxonomy":"post_tag","embeddable":true,"href":"https:\/\/www.europesays.com\/it\/wp-json\/wp\/v2\/tags?post=139881"}],"curies":[{"name":"wp","href":"https:\/\/api.w.org\/{rel}","templated":true}]}}