{"id":140321,"date":"2025-09-30T22:41:10","date_gmt":"2025-09-30T22:41:10","guid":{"rendered":"https:\/\/www.europesays.com\/it\/140321\/"},"modified":"2025-09-30T22:41:10","modified_gmt":"2025-09-30T22:41:10","slug":"juventus-tudor-la-squadra-sta-bene-ed-e-motivata-yildiz-nessuna-stanchezza-gioca","status":"publish","type":"post","link":"https:\/\/www.europesays.com\/it\/140321\/","title":{"rendered":"Juventus, Tudor: &#8220;&#8221;La squadra sta bene ed \u00e8 motivata. Yildiz? Nessuna stanchezza, gioca&#8221;"},"content":{"rendered":"<p>                                L&#8217;allenatore bianconero alla vigilia della sfida con il Villarreal in Champions: &#8220;L&#8217;alternanza tra Vlahovic, Openda e David? Mio compito farli sentire tutti e tre importanti&#8221;<\/p>\n<p>\n                                                    Dal nostro inviato Filippo Cornacchia\n                            <\/p>\n<p>                    30 settembre 2025 (modifica alle 20:02)  &#8211; VILA-REAL (SPAGNA)<\/p>\n<p class=\"paragraph\" spellcheck=\"true\">\u201cYildiz gioca, non c\u2019\u00e8 nessuna stanchezza. La squadra con l\u2019Atalanta ha corso 122 chilometri complessivamente. Vedo una Juventus bella e tosta, organizzata. Vogliamo vincere sempre, ma poi ci sono anche gli avversari e diverse circostanze\u201d. Igor Tudor mette da parte il campionato, l\u2019Atalanta e i tre pareggi consecutivi (gli altri due Verona e Borussia Dortmund) e si tuffa sulla trasferta di domani in casa del Villarreal. \u201cNoi in Champions possiamo dire la nostra \u2013 continua l\u2019allenatore della Juventus &#8211; e possiamo essere un osso duro per tutti\u201d. Tudor, a caccia della prima vittoria europea con i bianconeri, ha sensazioni positive alla vigilia: \u201cLa squadra sta molto bene e con l\u2019Atalanta ha fatto una grandissima prestazione, non servono discorsi motivazionali. Adesso c\u2019\u00e8 la Champions e dobbiamo disputare un incontro di livello per ottenere quello che vogliamo. Il Villarreal \u00e8 forte e gioca in casa. Difendere a quattro per contenere gli spagnoli? Pu\u00f2 succedere e anche no, siamo pronti a tutto\u201d.<\/p>\n<p>    il gioco del 9\u2014 \u00a0<\/p>\n<p class=\"paragraph is-inline\" spellcheck=\"true\">Dalla difesa all\u2019attacco, con il solito gioco dei 9 tra Jonathan David, Dusan Vlahovic e Lois Openda. Il favorito \u00e8 il canadese, ma come al solito il tecnico bianconero fa pretattica: \u201cChampions ideale per David? Ma anche Vlahovic e Openda\u2026 Parlo con loro tutti i giorni, sono forti e bravi ragazzi: li coccolo. Mi piace loro voglia di fare, ci daranno una grande mano. Ieri abbiamo chiacchierato quindici minuti tutti insieme e abbiamo condiviso le scelte. L\u2019alternanza sar\u00e0 adottata fino alla fine. A chi non piacerebbe vederli tutti e tre insieme? Ma la partita dura 90 minuti e il campo \u00e8 lungo cento metri, ci sono anche aspetti fisici da valutare. Tutti e tre insieme spero che succeda raramente perch\u00e9 vorrebbe dire che siamo in svantaggio. Gli attaccanti sono importanti, normale si parli molto di loro: ma poi gli scudetti si vincono anche subendo pochi gol\u201d.<\/p>\n<p>    bremer e thuram out\u2014 \u00a0<\/p>\n<p class=\"paragraph is-inline\" spellcheck=\"true\">A proposito di campionato e scudetto. Dopo il Villarreal (domani), domenica arriver\u00e0 all\u2019Allianz Stadium il Milan dell\u2019ex Massimiliano Allegri. \u201cAdesso pensiamo alla Champions \u2013 conclude Tudor &#8211; poi all\u2019altra sfida che ci aspetta contro il Milan. Gleison e Khephren hanno problemini che non gli permettono di giocare contro il Villarreal, per\u00f2 dovrebbero farcela per domenica\u201d.<\/p>\n<p><a class=\"is-partner-link\" href=\"https:\/\/ad.doubleclick.net\/ddm\/trackclk\/N1792338.340088CAIRORCSMEDIAS.P.\/B32941568.428469046;dc_trk_aid=621632909;dc_trk_cid=228483638;dc_dbm_token=%24%7bDC_DBM_TOKEN%7d;dc_lat=;dc_rdid=;tag_for_child_directed_treatment=;tfua=;gdpr=%24%7bGDPR%7d;gdpr_consent=%24%7bGDPR_CONSENT_755%7d;ltd=;dc_tdv=1\" rel=\"nofollow noopener\" target=\"_blank\">La UEFA Champions League, con 185 partite su 203 a stagione, in esclusiva streaming su NOW.<\/a><\/p>\n<p>    riecco cabal\u2014 \u00a0<\/p>\n<p class=\"paragraph is-inline\" spellcheck=\"true\">Intanto la seconda vita post infortunio di Juan Cabal prosegue con il Villarreal. Dal decisivo gol del pareggio contro l\u2019Atalanta alla conferma in Champions League. \u201cSono felice di aver aiutato i compagni segnando l\u20191-1 all\u2019Atalanta \u2013 sottolinea il terzino colombiano &#8211; ma \u00e8 gi\u00e0 passato e penso a un altro gol. Il Villarreal \u00e8 una squadra forte e domani \u00e8 Champions: noi ci dobbiamo preoccupare di loro, ma vale anche il contrario. Non esiste stanchezza o Milan quando senti la musichetta della Champions. L\u2019infortunio \u00e8 stato un periodo lungo e duro, mi ha fatto crescere come persona. Io sono forte come mentalit\u00e0 e adesso sono qui. Nel trio difensivo o largo a tutta fascia \u00e8 uguale, mi interessa giocare\u201d.<\/p>\n<p class=\"is-copyright\">\u00a9 RIPRODUZIONE RISERVATA<\/p>\n","protected":false},"excerpt":{"rendered":"L&#8217;allenatore bianconero alla vigilia della sfida con il Villarreal in Champions: &#8220;L&#8217;alternanza tra Vlahovic, Openda e David? Mio&hellip;\n","protected":false},"author":3,"featured_media":140322,"comment_status":"","ping_status":"","sticky":false,"template":"","format":"standard","meta":{"footnotes":""},"categories":[1452],"tags":[1960,86398,569,10575,75495,721,1856,1969,89086,12418,2149,1690,1112,14841,1740,3440,5360,1889,2024,1976,2666,2885,1537,90,89,558,553,3479,29738,896,3461,1739,245,244,1857,89087,80597,7520,6524,8524,89088,578,89089],"class_list":{"0":"post-140321","1":"post","2":"type-post","3":"status-publish","4":"format-standard","5":"has-post-thumbnail","7":"category-calcio","8":"tag-allenatore","9":"tag-alternanza","10":"tag-atalanta","11":"tag-bianconero","12":"tag-cabal","13":"tag-calcio","14":"tag-campionato","15":"tag-champions","16":"tag-champions-dobbiamo","17":"tag-david","18":"tag-dobbiamo","19":"tag-domani","20":"tag-domenica","21":"tag-duro","22":"tag-football","23":"tag-forte","24":"tag-gioca","25":"tag-giocare","26":"tag-gioco","27":"tag-gol","28":"tag-importanti","29":"tag-infortunio","30":"tag-it","31":"tag-italia","32":"tag-italy","33":"tag-juventus","34":"tag-milan","35":"tag-minuti","36":"tag-openda","37":"tag-possiamo","38":"tag-sfida","39":"tag-soccer","40":"tag-sport","41":"tag-sports","42":"tag-squadra","43":"tag-squadra-atalanta","44":"tag-stanchezza","45":"tag-tudor","46":"tag-vigilia","47":"tag-villarreal","48":"tag-villarreal-champions","49":"tag-vlahovic","50":"tag-vlahovic-openda"},"share_on_mastodon":{"url":"","error":""},"_links":{"self":[{"href":"https:\/\/www.europesays.com\/it\/wp-json\/wp\/v2\/posts\/140321","targetHints":{"allow":["GET"]}}],"collection":[{"href":"https:\/\/www.europesays.com\/it\/wp-json\/wp\/v2\/posts"}],"about":[{"href":"https:\/\/www.europesays.com\/it\/wp-json\/wp\/v2\/types\/post"}],"author":[{"embeddable":true,"href":"https:\/\/www.europesays.com\/it\/wp-json\/wp\/v2\/users\/3"}],"replies":[{"embeddable":true,"href":"https:\/\/www.europesays.com\/it\/wp-json\/wp\/v2\/comments?post=140321"}],"version-history":[{"count":0,"href":"https:\/\/www.europesays.com\/it\/wp-json\/wp\/v2\/posts\/140321\/revisions"}],"wp:featuredmedia":[{"embeddable":true,"href":"https:\/\/www.europesays.com\/it\/wp-json\/wp\/v2\/media\/140322"}],"wp:attachment":[{"href":"https:\/\/www.europesays.com\/it\/wp-json\/wp\/v2\/media?parent=140321"}],"wp:term":[{"taxonomy":"category","embeddable":true,"href":"https:\/\/www.europesays.com\/it\/wp-json\/wp\/v2\/categories?post=140321"},{"taxonomy":"post_tag","embeddable":true,"href":"https:\/\/www.europesays.com\/it\/wp-json\/wp\/v2\/tags?post=140321"}],"curies":[{"name":"wp","href":"https:\/\/api.w.org\/{rel}","templated":true}]}}