{"id":140714,"date":"2025-10-01T03:51:14","date_gmt":"2025-10-01T03:51:14","guid":{"rendered":"https:\/\/www.europesays.com\/it\/140714\/"},"modified":"2025-10-01T03:51:14","modified_gmt":"2025-10-01T03:51:14","slug":"scrambler-nightshift-si-veste-di-verde-arriva-la-livrea-emerald-green-per-il-2026-news","status":"publish","type":"post","link":"https:\/\/www.europesays.com\/it\/140714\/","title":{"rendered":"Scrambler Nightshift si veste di verde: arriva la livrea Emerald Green per il 2026 &#8211; News"},"content":{"rendered":"<p>\n            Ducati rinnova il guardaroba della Nightshift con una colorazione che strizza l&#8217;occhio agli anni &#8217;70. Il verde smeraldo sostituisce la livrea attuale e sar\u00e0 disponibile da ottobre\n        <\/p>\n<p>              30 settembre 2025<\/p>\n<p>Il <strong>Centro Stile Ducati<\/strong> ha pescato nel ricco immaginario motoristico degli anni Settanta per definire la nuova <strong>livrea Emerald Green<\/strong> dello Scrambler Nightshift Model Year 2026. Non \u00e8 la prima volta che Borgo Panigale gioca la carta nostalgia, ma questa volta il verde smeraldo porta con s\u00e9 riferimenti precisi alle icone a due e quattro ruote di quel decennio, quando il design era pi\u00f9 coraggioso e le cromie meno prevedibili.<\/p>\n<p>La <strong>Nightshift<\/strong> nasce gi\u00e0 con un&#8217;identit\u00e0 ben precisa: \u00e8 la Scrambler che veste bene, quella che fa della raffinatezza il proprio marchio di fabbrica. La <strong>sella impunturata<\/strong> in stile Caf\u00e8 Racer, l&#8217;alternanza studiata tra finiture lucide e opache, i <strong>cerchi a raggi completamente neri<\/strong> \u2013 tutto concorre a creare un equilibrio estetico che non urla, ma sussurra eleganza.<\/p>\n<p>                            <img decoding=\"async\" class=\"img-fluid\" loading=\"lazy\" data-zoomable=\"\" src=\"https:\/\/img.stcrm.it\/images\/46978068\/800x\/02-my26_scrambler_nightshift_emeraldgreen-_20__uc852221_high.jpg\" data-zoom-src=\"https:\/\/www.europesays.com\/it\/wp-content\/uploads\/2025\/10\/02-my26_scrambler_nightshift_emeraldgreen-_20__uc852221_high.jpg\" width=\"1920\" height=\"1279\" alt=\"\"\/><\/p>\n<p>            La differenza nei dettagli<\/p>\n<p>Sul fronte della ciclistica, la Nightshift mantiene le caratteristiche che l&#8217;hanno resa riconoscibile: <strong>tabelle portanumero laterali<\/strong>, parafango anteriore ridotto all&#8217;osso, assenza totale del parafango posteriore e <strong>indicatori di direzione a LED<\/strong> compatti. Il risultato \u00e8 una moto che strizza l&#8217;occhio al passato senza rinunciare alla praticit\u00e0 moderna.<\/p>\n<p>Il <strong>manubrio a sezione variabile<\/strong> dall&#8217;andamento piatto e gli <strong>specchietti bar-end<\/strong> completano un quadro stilistico coerente, in cui ogni elemento dialoga con gli altri senza stonature. Il contrasto cromatico tra la nuova livrea verde e i cerchi neri promette di rendere la Nightshift ancora pi\u00f9 fotogenica.<\/p>\n<p>            Desmodue al passo coi tempi<\/p>\n<p>Il <strong>motore Desmodue<\/strong> di nuova generazione monta una <strong>frizione a otto dischi<\/strong> pi\u00f9 morbida nell&#8217;azionamento e pi\u00f9 compatta, un dettaglio che si traduce in maggiore comfort d&#8217;uso e pi\u00f9 spazio per il piede sinistro del pilota.<\/p>\n<p>Il lavoro di alleggerimento ha portato a una riduzione di <strong>4 kg<\/strong> sul peso complessivo, rendendo la moto pi\u00f9 agile tra i cordoli e meno impegnativa nelle manovre a bassa velocit\u00e0. Per chi usa lo Scrambler quotidianamente, sono dettagli che fanno la differenza.<\/p>\n<p>\n            Scrambler Nightshift si veste di verde: arriva la livrea Emerald Green per il 2026\n        <\/p>\n<p>                    <a class=\"aimg-link app-gallery-opener\" data-index=\"0\" href=\"#\" aria-label=\"Apri gallery\"><\/p>\n<p>                        <img decoding=\"async\" class=\"img-fluid\" loading=\"lazy\" alt=\"\" src=\"https:\/\/www.europesays.com\/it\/wp-content\/uploads\/2025\/10\/01-my26_scrambler_nightshift_emeraldgreen-_2__uc852220_high.jpg\" width=\"1920\" height=\"1353\"\/><\/p>\n<p>                                            <\/a><\/p>\n<p>                    <a class=\"aimg-link app-gallery-opener\" data-index=\"1\" href=\"#\" aria-label=\"Apri gallery\"><\/p>\n<p>                        <img decoding=\"async\" class=\"img-fluid\" loading=\"lazy\" alt=\"\" src=\"https:\/\/www.europesays.com\/it\/wp-content\/uploads\/2025\/10\/1759290673_453_02-my26_scrambler_nightshift_emeraldgreen-_20__uc852221_high.jpg\" width=\"1920\" height=\"1353\"\/><\/p>\n<p>                                            <\/a><\/p>\n<p>            Elettronica senza fronzoli<\/p>\n<p>La dotazione elettronica della gamma Scrambler punta sull&#8217;essenziale fatto bene. Il <strong>Ride by Wire<\/strong> gestisce l&#8217;acceleratore e permette di scegliere tra <strong>due Riding Mode<\/strong>, modificando carattere e reattivit\u00e0 della moto. C&#8217;\u00e8 il <strong>Ducati Traction Control<\/strong> per evitare scivolate indesiderate e l&#8217;<strong>ABS cornering<\/strong> di serie, un sistema che tiene conto dell&#8217;angolo di piega per modulare la frenata in sicurezza.<\/p>\n<p>Niente schermi TFT da tablet o connettivit\u00e0 avanzata: lo Scrambler resta fedele a una filosofia che privilegia la sostanza all&#8217;apparenza, offrendo gli aiuti elettronici necessari senza fronzoli superflui.<\/p>\n<p>                            <img decoding=\"async\" class=\"img-fluid\" loading=\"lazy\" data-zoomable=\"\" src=\"https:\/\/img.stcrm.it\/images\/46978070\/800x\/06-my26_scrambler_nightshift_emeraldgreen-_11__uc852225_high.jpg\" data-zoom-src=\"https:\/\/www.europesays.com\/it\/wp-content\/uploads\/2025\/10\/06-my26_scrambler_nightshift_emeraldgreen-_11__uc852225_high.jpg\" width=\"1920\" height=\"1279\" alt=\"\"\/><\/p>\n<p>            Disponibilit\u00e0 e personalizzazione<\/p>\n<p>La <strong>nuova livrea Emerald Green<\/strong> sostituisce quella attuale e sar\u00e0 disponibile a partire da <strong>ottobre 2025<\/strong>. Sul sito ufficiale Scramblerducati.com \u00e8 attivo il configuratore per esplorare tutte le possibilit\u00e0 di personalizzazione, richiedere informazioni ai concessionari o prenotare un test ride.<\/p>\n<p>Lo Scrambler si conferma la scelta per chi cerca una moto dal <strong>design riconoscibile<\/strong>, facile da usare tutti i giorni ma capace di trasmettere emozioni. Una proposta che non vuole conquistare con la potenza o la tecnologia estrema, ma con un&#8217;identit\u00e0 forte e uno stile inconfondibile. Il verde smeraldo \u00e8 solo l&#8217;ultimo capitolo di questa storia.<\/p>\n","protected":false},"excerpt":{"rendered":"Ducati rinnova il guardaroba della Nightshift con una colorazione che strizza l&#8217;occhio agli anni &#8217;70. Il verde smeraldo&hellip;\n","protected":false},"author":3,"featured_media":140715,"comment_status":"","ping_status":"","sticky":false,"template":"","format":"standard","meta":{"footnotes":"","_share_on_mastodon":"0"},"categories":[173],"tags":[6772,3438,89269,1537,90,89,89268,195,198,199,197,200,201,89267,194,196],"class_list":["post-140714","post","type-post","status-publish","format-standard","has-post-thumbnail","category-scienza-e-tecnologia","tag-6772","tag-ducati","tag-emerald-green","tag-it","tag-italia","tag-italy","tag-nightshift","tag-science","tag-science-and-technology","tag-scienceandtechnology","tag-scienza","tag-scienza-e-tecnologia","tag-scienzaetecnologia","tag-scrambler","tag-technology","tag-tecnologia"],"share_on_mastodon":{"url":"","error":""},"_links":{"self":[{"href":"https:\/\/www.europesays.com\/it\/wp-json\/wp\/v2\/posts\/140714","targetHints":{"allow":["GET"]}}],"collection":[{"href":"https:\/\/www.europesays.com\/it\/wp-json\/wp\/v2\/posts"}],"about":[{"href":"https:\/\/www.europesays.com\/it\/wp-json\/wp\/v2\/types\/post"}],"author":[{"embeddable":true,"href":"https:\/\/www.europesays.com\/it\/wp-json\/wp\/v2\/users\/3"}],"replies":[{"embeddable":true,"href":"https:\/\/www.europesays.com\/it\/wp-json\/wp\/v2\/comments?post=140714"}],"version-history":[{"count":0,"href":"https:\/\/www.europesays.com\/it\/wp-json\/wp\/v2\/posts\/140714\/revisions"}],"wp:featuredmedia":[{"embeddable":true,"href":"https:\/\/www.europesays.com\/it\/wp-json\/wp\/v2\/media\/140715"}],"wp:attachment":[{"href":"https:\/\/www.europesays.com\/it\/wp-json\/wp\/v2\/media?parent=140714"}],"wp:term":[{"taxonomy":"category","embeddable":true,"href":"https:\/\/www.europesays.com\/it\/wp-json\/wp\/v2\/categories?post=140714"},{"taxonomy":"post_tag","embeddable":true,"href":"https:\/\/www.europesays.com\/it\/wp-json\/wp\/v2\/tags?post=140714"}],"curies":[{"name":"wp","href":"https:\/\/api.w.org\/{rel}","templated":true}]}}