{"id":141057,"date":"2025-10-01T08:08:10","date_gmt":"2025-10-01T08:08:10","guid":{"rendered":"https:\/\/www.europesays.com\/it\/141057\/"},"modified":"2025-10-01T08:08:10","modified_gmt":"2025-10-01T08:08:10","slug":"orari-sprint-race-e-gara-dove-vederle-in-tv-e-streaming","status":"publish","type":"post","link":"https:\/\/www.europesays.com\/it\/141057\/","title":{"rendered":"orari Sprint Race e gara, dove vederle in TV e streaming"},"content":{"rendered":"<p>\t\t\t\t\t\t\t<a href=\"https:\/\/www.virgilio.it\/motori\/esperti\/davide-russo\/\" rel=\"nofollow noopener\" target=\"_blank\"><br \/>\n\t\t\t\t\t\t\t\t\t\t\t\t<img loading=\"lazy\" decoding=\"async\" src=\"data:image\/svg+xml,%3Csvg%20xmlns='http:\/\/www.w3.org\/2000\/svg'%20viewBox='0%200%2060%2060%202'%3E%3C\/svg%3E\" class=\"wp-post-image lazy\" alt=\"Foto di Davide Russo\" width=\"60\" height=\"60\" data-original=\"https:\/\/www.virgilio.it\/motori\/wp-content\/uploads\/sites\/4\/2024\/09\/foto-davide-russo-002.jpg?w=60&amp;h=60&amp;crop=1\"\/>\t\t\t\t\t\t\t\t\t\t\t<\/a><\/p>\n<p>\t\t\t\t\t\t\t\t\t\t<a href=\"https:\/\/www.virgilio.it\/motori\/esperti\/davide-russo\/\" rel=\"nofollow noopener\" target=\"_blank\"><\/p>\n<p class=\"expert-box-name black\">Davide Russo<\/p>\n<p>\t\t\t\t\t\t\t<\/a><\/p>\n<p class=\"expert-box-title\">Giornalista automotive<\/p>\n<p class=\"expert-box-desc\">Napoletano di nascita, laureato in giurisprudenza, \u00e8 giornalista pubblicista con la passione per il motorsport e l&#8217;automotive con un occhio alle innovazioni e alla storia della F1. Il suo motto: &#8221;I believe that everyone has a calling, Motorsport is my true passion!&#8221;.<\/p>\n<p class=\"date-articolo\">\n\t\t\tPubblicato: 1 Ottobre 2025 08:30\t\t<\/p>\n<p>Sebbene Marc Marquez abbia chiuso la contesa nella sfida di Motegi, mancano ancora cinque appuntamenti. Il back to back asiatico vedr\u00e0 protagonisti i ducatisti, favoriti assoluti anche sul <strong>tracciato di Mandalika.<\/strong> I fan di Pecco sperano di poter ammirare il loro beniamino in lotta contro il nuovo campione del mondo. Dopo 182 giorni Bagnaia \u00e8 tornato a vincere un Gran Premio e dopo ben 315 una SR. Le staccate che lo avevano reso una leggenda si sono riviste in Giappone dopo i favorevoli test di Misano. Il rider piemontese sembra finalmente tornato il pilota veloce delle passate stagioni, ma la prova del 9 arriver\u00e0 in Indonesia.<\/p>\n<p>Per Pecco Bagnaia il weekend di Motegi ha rappresentato molto pi\u00f9 di un hat-trick: \u00e8 il raggiungimento di una performance top che ha sempre inseguito nel corso del 2025. Di sicuro le vittorie di Marc Marquez non lo hanno aiutato sul piano psicologico. I due piloti hanno incominciato dalla stessa base, ma gli sviluppi della<strong> Desmosedici GP25<\/strong> hanno favorito lo spagnolo nella parte centrale del campionato. Lo stile di guida del numero 93 ha nascosto in tante occasioni i problemi della Rossa. \u00c8 stata anche la conferma che il talento dell\u2019ex pilota della Honda non si era mai offuscato, ma non aveva a disposizione la moto giusta per brillare. Il passaggio in Ducati \u00e8 stato essenziale per tornare a lottare ai massimi livelli. La Casa di Borgo Panigale ha raggiunto un obiettivo importante: avere in squadra due campioni competitivi e con una Desmosedici in linea alle loro caratteristiche.\n<\/p>\n<p>Le curiosit\u00e0 del round di Mandalika<\/p>\n<p>Pecco ha gi\u00e0 vinto una volta in Indonesia, nell\u2019anno del suo ultimo titolo mondiale. Nel 2024, invece, la spunt\u00f2 Jorge Martin. Quest\u2019ultimo ha avuto un <a href=\"https:\/\/www.virgilio.it\/motori\/motor-sport\/moto-gp\/infortunio-ex-campione-jorge-martin\/296815\/\" data-doctype=\"\" rel=\"nofollow noopener\" target=\"_blank\">pesante incidente<\/a> nella scorsa tappa di Motegi a causa di una entrata estrema in Curva-1 della Sprint Race. L\u2019ex numero 1 si \u00e8 rotto la clavicola e non sar\u00e0 presente in pista, ma la Casa di Noale ha deciso di non sostituirlo con un altro rider. Sar\u00e0 tutto sulle spalle di <strong>Marco Bezzecchi<\/strong>, uscito acciaccato dalla scorsa trasferta proprio a causa della contatto con Martin.<\/p>\n<p>La Honda sembra aver ritrovato competitivit\u00e0 e con Mir potrebbe togliersi altre soddisfazioni nel finale di stagione. In <a href=\"https:\/\/www.virgilio.it\/motori\/motor-sport\/moto-gp\/preview-gp-indonesia-pecco-bagnaia\/296825\/\" rel=\"nofollow noopener\" target=\"_blank\">Indonesia<\/a> bisogner\u00e0 considerare anche la KTM che nel 2022, con Oliveira, si aggiudic\u00f2 l\u2019edizione d\u2019esordio. Difficilmente vedremo una Yamaha da posizioni alte della classifica. La pista di Mandalika \u00e8 lunga circa <strong>4,3 chilometri<\/strong> e vanta 17 curve. Il layout garantisce un mix di rettilinei rapidi, tratti tecnici e cambi di quota.<\/p>\n<p>Gli orari TV della MotoGP<\/p>\n<p>Il Gran Premio di Indonesia verr\u00e0 trasmesso in diretta integrale da <strong>Sky Sport<\/strong> sul canale Sky Sport MotoGP (anche in mobilit\u00e0 su SkyGo) e in live streaming su NOW. <strong>TV8<\/strong> offrir\u00e0 in differita l\u2019evento. Di seguito gli orari dettagliati delle trasmissioni di Sky Sport:<\/p>\n<p><strong>Venerd\u00ec 3 ottobre<\/strong><\/p>\n<ul>\n<li>FP1 Moto3: 3:00-3:35<\/li>\n<li>FP1 Moto2: 3:50-4:30<\/li>\n<li>FP1 MotoGP: 4:45-5:30<\/li>\n<li>P Moto3: 7:15-7:50<\/li>\n<li>P Moto2: 8:05-8:45<\/li>\n<li>P MotoGP: 9:00-10:00<\/li>\n<\/ul>\n<p><strong>Sabato 4 ottobre<\/strong><\/p>\n<ul>\n<li>FP2 Moto3: 2:40-3:10<\/li>\n<li>FP2 Moto2: 3:25-3:55<\/li>\n<li>FP2 MotoGP: 4:10-4:40<\/li>\n<li>Qualifiche MotoGP: 4:50-6:30 (diretta su TV8)<\/li>\n<li>Qualifiche Moto3: 6:45-7:25 (diretta su TV8)<\/li>\n<li>Qualifiche Moto2: 7:40-8:20 (diretta su TV8)<\/li>\n<li>Sprint MotoGP: 9:00 (diretta su TV8 e replica alle ore 13:00)<\/li>\n<\/ul>\n<p><strong>Domenica 5 ottobre<\/strong><\/p>\n<ul>\n<li>Warm-Up MotoGP: 4:40-4:50<\/li>\n<li>Gara Moto3: 6:00 (differita ore 11:00 TV8)<\/li>\n<li>Gara Moto2: 7:15 (differita ore 12:20 TV8)<\/li>\n<li>Gara MotoGP: 9:00 (differita ore 14:00 TV8)<\/li>\n<\/ul>\n","protected":false},"excerpt":{"rendered":"Davide Russo Giornalista automotive Napoletano di nascita, laureato in giurisprudenza, \u00e8 giornalista pubblicista con la passione per il&hellip;\n","protected":false},"author":3,"featured_media":141058,"comment_status":"","ping_status":"","sticky":false,"template":"","format":"standard","meta":{"footnotes":""},"categories":[1455],"tags":[3438,1537,90,89,1783,1798,1785,1784,4628,245,244],"class_list":{"0":"post-141057","1":"post","2":"type-post","3":"status-publish","4":"format-standard","5":"has-post-thumbnail","7":"category-moto","8":"tag-ducati","9":"tag-it","10":"tag-italia","11":"tag-italy","12":"tag-moto","13":"tag-moto-gp","14":"tag-motogp","15":"tag-motorcycle","16":"tag-motori","17":"tag-sport","18":"tag-sports"},"share_on_mastodon":{"url":"","error":""},"_links":{"self":[{"href":"https:\/\/www.europesays.com\/it\/wp-json\/wp\/v2\/posts\/141057","targetHints":{"allow":["GET"]}}],"collection":[{"href":"https:\/\/www.europesays.com\/it\/wp-json\/wp\/v2\/posts"}],"about":[{"href":"https:\/\/www.europesays.com\/it\/wp-json\/wp\/v2\/types\/post"}],"author":[{"embeddable":true,"href":"https:\/\/www.europesays.com\/it\/wp-json\/wp\/v2\/users\/3"}],"replies":[{"embeddable":true,"href":"https:\/\/www.europesays.com\/it\/wp-json\/wp\/v2\/comments?post=141057"}],"version-history":[{"count":0,"href":"https:\/\/www.europesays.com\/it\/wp-json\/wp\/v2\/posts\/141057\/revisions"}],"wp:featuredmedia":[{"embeddable":true,"href":"https:\/\/www.europesays.com\/it\/wp-json\/wp\/v2\/media\/141058"}],"wp:attachment":[{"href":"https:\/\/www.europesays.com\/it\/wp-json\/wp\/v2\/media?parent=141057"}],"wp:term":[{"taxonomy":"category","embeddable":true,"href":"https:\/\/www.europesays.com\/it\/wp-json\/wp\/v2\/categories?post=141057"},{"taxonomy":"post_tag","embeddable":true,"href":"https:\/\/www.europesays.com\/it\/wp-json\/wp\/v2\/tags?post=141057"}],"curies":[{"name":"wp","href":"https:\/\/api.w.org\/{rel}","templated":true}]}}