{"id":141119,"date":"2025-10-01T08:52:11","date_gmt":"2025-10-01T08:52:11","guid":{"rendered":"https:\/\/www.europesays.com\/it\/141119\/"},"modified":"2025-10-01T08:52:11","modified_gmt":"2025-10-01T08:52:11","slug":"concorsi-pubblici-tutti-i-bandi-in-scadenza-a-ottobre-2025","status":"publish","type":"post","link":"https:\/\/www.europesays.com\/it\/141119\/","title":{"rendered":"Concorsi pubblici, tutti i bandi in scadenza a ottobre 2025"},"content":{"rendered":"<p>Dal Consiglio Nazionale delle Ricerche, fino all\u2019Arma dei Carabinieri e all\u2019Ingv: sono diversi i settori in cui, a ottobre, sono fissate le scadenze per bandi pubblici per l&#8217;assunzione di personale. Ecco alcune delle date da cerchiare sul calendario.<\/p>\n<p>\t\t \tCnr<\/p>\n<p>Il Consiglio Nazionale delle Ricerche <a data-intcmp-qp=\"skytg24_foglia articolo_interlink_text\" rel=\"nofollow noopener\" href=\"https:\/\/www.cnr.it\/it\/concorsi-opportunita\" target=\"_blank\">(Cnr)<\/a> ha indetto nuovi concorsi pubblici per l\u2019assunzione di 53 diplomati e laureati. Si cercano vari profili professionali a tempo determinato o indeterminato, da assegnare a diverse sedi in Italia. La scadenza per l\u2019invio delle domande varia dal 2 ottobre al 25 ottobre 2025, a seconda del concorso a cui si partecipa.<\/p>\n<p>Vigili del Fuoco<\/p>\n<p>Concorso pubblico, per titoli sportivi e culturali, per sette posti per l\u2019accesso al ruolo degli atleti del Gruppo sportivo Vigili del fuoco Fiamme Rosse. La scadenza \u00e8 fissata al 3 ottobre. La domanda di partecipazione al concorso deve essere compilata utilizzando la procedura informatica disponibile all\u2019indirizzo https:\/\/concorsionline.vigilfuoco.it, seguendo le istruzioni.\u00a0<\/p>\n<p>Accademia Belle Arti<\/p>\n<p>All&#8217;Accademia di Belle Arti di Venezia \u00e8 indetto <a data-intcmp-qp=\"skytg24_foglia articolo_interlink_text\" rel=\"nofollow\" target=\"_blank\">un concorso pubblico,<\/a> per titoli ed esami, anche per la copertura a tempo pieno e indeterminato di due posti di \u201cTecnico di Laboratorio\u201d profilo di Tecnico delle Arti Visive, Area III \u2013 Settore Professionale \u201csupporto specialistico attivit\u00e0 di produzione\u201d \u2013 CCNL \u201cIstruzione e Ricerca\u201d 2019-2021 sezione AFAM, ripartiti nei seguenti sotto-profili:\u00a0<\/p>\n<ul>\n<li>n. 1 (uno) decorazione\/scultura;\u00a0<\/li>\n<li>n. 1 (uno) grafica\/pittura.\u00a0<\/li>\n<\/ul>\n<p>Scadenza il 17 ottobre.<\/p>\n<p>Ingv<\/p>\n<p>L\u2019Istituto nazionale di Geofisica e Vulcanologia (Ing) ha indetto un nuovo concorso per collaboratore amministrativo. La selezione pubblica, aperta a diplomati, prevede l\u2019assunzione a tempo indeterminato nel profilo professionale di collaboratore amministrativo ed \u00e8 riservato alle categorie protette. Scadenza 16 ottobre 2025.\u00a0Inoltre, l\u2019Istituto ha <a data-intcmp-qp=\"skytg24_foglia articolo_interlink_text\" rel=\"nofollow noopener\" href=\"https:\/\/amministrazione-trasparente.ingv.it\/web\/trasparenza\/papca-g\/-\/papca\/display\/4743798?p_auth=6GBi2y2N&amp;p_p_state=pop_up\" target=\"_blank\">pubblicato un ulteriore bando<\/a> di concorso per tecnologi. Si prevede la copertura di dieci posti di lavoro a\u00a0tempo indeterminato,\u00a0da destinare a varie sedi dell\u2019Ingv in Italia. Per candidarsi c\u2019\u00e8 tempo fino al\u00a020 ottobre 2025.\u00a0\u00a0<\/p>\n<p>\t\t\t<a class=\"c-inline-card j-inline-card c-inline-card--with-image\" href=\"https:\/\/tg24.sky.it\/economia\/2025\/09\/30\/concorsi-pubblici-ministeri-fisco-inps-requisiti-date\" rel=\"follow nofollow noopener\" data-intcmp=\"skytg24_articolo_approfondimenti_inline\" target=\"_blank\"><\/p>\n<p>\t\t\t         <img decoding=\"async\" crossorigin=\"anonymous\" alt=\"\" src=\"https:\/\/www.europesays.com\/it\/wp-content\/uploads\/2025\/10\/concorso_ipa.jpeg\"  loading=\"lazy\"  bad-src=\"https:\/\/www.europesays.com\/it\/wp-content\/uploads\/2025\/10\/concorso_ipa.jpeg\"\/><\/p>\n<p>\n\t\t\t         Approfondimento<br \/>\n\t\t\t         Concorsi pubblici, dai ministeri fino a Fisco e Inps: requisiti e date\n\t\t\t      <\/p>\n<p>\t\t\t<\/a><\/p>\n<p>\t\t\tArma dei Carabinieri<\/p>\n<p><a data-intcmp-qp=\"skytg24_foglia articolo_interlink_text\" rel=\"nofollow noopener\" href=\"https:\/\/www.concorsipubblici.com\/sites\/default\/files\/contest\/2025-09\/Bando%20di%20concorso%20%286%29.pdf\" target=\"_blank\">Concorso<\/a>, per titoli, per la nomina di 17 Allievi Carabinieri in qualit\u00e0 di atleti per le esigenze del Centro Sportivo dell\u2019Arma dei Carabinieri, 2^ Aliquota \u2013 anno 2025. La scadenza \u00e8 fissata al 24 ottobre.<\/p>\n<p>\t\t \tScuola<\/p>\n<p>Con il concorso docenti Pnrr3, ci sono in palio 58.000 posti da bandire nelle prossime settimane per la scuola. Il bando \u00e8 atteso entro la met\u00e0 di ottobre. Dopo la pubblicazione, sar\u00e0 concesso un periodo di circa venti giorni per l\u2019inoltro della domanda, con l\u2019obiettivo di completare la procedura entro il mese successivo. Le prove dovrebbero iniziare a dicembre.\u00a0La prova scritta sar\u00e0 al pc, con 50 quesiti a risposta multipla da svolgere in 100 minuti.\u00a0Chi supera la prova scritta con almeno 70\/100, ed \u00e8 tra i primi in graduatoria (fino al triplo dei posti banditi), accede all\u2019orale.<\/p>\n<p>\t\t\t<a class=\"c-inline-card j-inline-card c-inline-card--with-image\" href=\"https:\/\/tg24.sky.it\/economia\/2025\/09\/28\/scuola-concorsi-pnrr-docenti\" rel=\"follow nofollow noopener\" data-intcmp=\"skytg24_articolo_approfondimenti_inline\" target=\"_blank\"><\/p>\n<p>\t\t\t         <img decoding=\"async\" crossorigin=\"anonymous\" alt=\"\" src=\"https:\/\/www.europesays.com\/it\/wp-content\/uploads\/2025\/10\/scuola_getty.jpg\"  loading=\"lazy\"  bad-src=\"https:\/\/www.europesays.com\/it\/wp-content\/uploads\/2025\/10\/scuola_getty.jpg\"\/><\/p>\n<p>\n\t\t\t         Approfondimento<br \/>\n\t\t\t         Scuola, in autunno bandi Pnrr per assunzione di 58mila docenti\n\t\t\t      <\/p>\n<p>\t\t\t<\/a><\/p>\n","protected":false},"excerpt":{"rendered":"Dal Consiglio Nazionale delle Ricerche, fino all\u2019Arma dei Carabinieri e all\u2019Ingv: sono diversi i settori in cui, a&hellip;\n","protected":false},"author":3,"featured_media":141120,"comment_status":"","ping_status":"","sticky":false,"template":"","format":"standard","meta":{"footnotes":""},"categories":[6],"tags":[41820,14,369,8,1537,90,89,7,15,82,9,83,10,13,11,80,84,12,81,85],"class_list":{"0":"post-141119","1":"post","2":"type-post","3":"status-publish","4":"format-standard","5":"has-post-thumbnail","7":"category-ultime-notizie","8":"tag-concorsi","9":"tag-cronaca","10":"tag-digitall","11":"tag-headlines","12":"tag-it","13":"tag-italia","14":"tag-italy","15":"tag-news","16":"tag-notizie","17":"tag-notizie-di-cronaca","18":"tag-notizie-principali","19":"tag-notiziedicronaca","20":"tag-notizieprincipali","21":"tag-titoli","22":"tag-ultime-notizie","23":"tag-ultime-notizie-di-cronaca","24":"tag-ultime-notizie-e-news-di-oggi","25":"tag-ultimenotizie","26":"tag-ultimenotiziedicronaca","27":"tag-ultimenotizieenewsdioggi"},"share_on_mastodon":{"url":"","error":""},"_links":{"self":[{"href":"https:\/\/www.europesays.com\/it\/wp-json\/wp\/v2\/posts\/141119","targetHints":{"allow":["GET"]}}],"collection":[{"href":"https:\/\/www.europesays.com\/it\/wp-json\/wp\/v2\/posts"}],"about":[{"href":"https:\/\/www.europesays.com\/it\/wp-json\/wp\/v2\/types\/post"}],"author":[{"embeddable":true,"href":"https:\/\/www.europesays.com\/it\/wp-json\/wp\/v2\/users\/3"}],"replies":[{"embeddable":true,"href":"https:\/\/www.europesays.com\/it\/wp-json\/wp\/v2\/comments?post=141119"}],"version-history":[{"count":0,"href":"https:\/\/www.europesays.com\/it\/wp-json\/wp\/v2\/posts\/141119\/revisions"}],"wp:featuredmedia":[{"embeddable":true,"href":"https:\/\/www.europesays.com\/it\/wp-json\/wp\/v2\/media\/141120"}],"wp:attachment":[{"href":"https:\/\/www.europesays.com\/it\/wp-json\/wp\/v2\/media?parent=141119"}],"wp:term":[{"taxonomy":"category","embeddable":true,"href":"https:\/\/www.europesays.com\/it\/wp-json\/wp\/v2\/categories?post=141119"},{"taxonomy":"post_tag","embeddable":true,"href":"https:\/\/www.europesays.com\/it\/wp-json\/wp\/v2\/tags?post=141119"}],"curies":[{"name":"wp","href":"https:\/\/api.w.org\/{rel}","templated":true}]}}