{"id":141311,"date":"2025-10-01T10:48:15","date_gmt":"2025-10-01T10:48:15","guid":{"rendered":"https:\/\/www.europesays.com\/it\/141311\/"},"modified":"2025-10-01T10:48:15","modified_gmt":"2025-10-01T10:48:15","slug":"eta-ranking-vita-privata-origini-e-il-nome-in-onore-della-mamma","status":"publish","type":"post","link":"https:\/\/www.europesays.com\/it\/141311\/","title":{"rendered":"et\u00e0, ranking, vita privata, origini e il nome in onore della mamma"},"content":{"rendered":"<p>                Il nome Learner per la madre <\/p>\n<p>Nel mondo dello sport, spesso i nomi diventano icone. Ma nel caso di Learner Tien, il nome \u00e8 gi\u00e0 di per s\u00e9 un simbolo. Nato il 2 dicembre 2005 a Irvine, California, da una famiglia di origine vietnamita, Learner ha ricevuto questo nome insolito in onore del lavoro della madre, insegnante di professione. Il termine \u201cLearner\u201d, che in inglese significa \u201ccolui che impara\u201d, rappresenta perfettamente lo spirito con cui il giovane tennista affronta la vita e lo sport: con umilt\u00e0, disciplina e una costante voglia di migliorare.<\/p>\n","protected":false},"excerpt":{"rendered":"Il nome Learner per la madre Nel mondo dello sport, spesso i nomi diventano icone. Ma nel caso&hellip;\n","protected":false},"author":3,"featured_media":141312,"comment_status":"","ping_status":"","sticky":false,"template":"","format":"standard","meta":{"footnotes":""},"categories":[1457],"tags":[1537,90,89,1717,52034,89465,245,244,1273],"class_list":{"0":"post-141311","1":"post","2":"type-post","3":"status-publish","4":"format-standard","5":"has-post-thumbnail","7":"category-tennis","8":"tag-it","9":"tag-italia","10":"tag-italy","11":"tag-jannik-sinner","12":"tag-learner-tien","13":"tag-sinner-tien","14":"tag-sport","15":"tag-sports","16":"tag-tennis"},"share_on_mastodon":{"url":"","error":""},"_links":{"self":[{"href":"https:\/\/www.europesays.com\/it\/wp-json\/wp\/v2\/posts\/141311","targetHints":{"allow":["GET"]}}],"collection":[{"href":"https:\/\/www.europesays.com\/it\/wp-json\/wp\/v2\/posts"}],"about":[{"href":"https:\/\/www.europesays.com\/it\/wp-json\/wp\/v2\/types\/post"}],"author":[{"embeddable":true,"href":"https:\/\/www.europesays.com\/it\/wp-json\/wp\/v2\/users\/3"}],"replies":[{"embeddable":true,"href":"https:\/\/www.europesays.com\/it\/wp-json\/wp\/v2\/comments?post=141311"}],"version-history":[{"count":0,"href":"https:\/\/www.europesays.com\/it\/wp-json\/wp\/v2\/posts\/141311\/revisions"}],"wp:featuredmedia":[{"embeddable":true,"href":"https:\/\/www.europesays.com\/it\/wp-json\/wp\/v2\/media\/141312"}],"wp:attachment":[{"href":"https:\/\/www.europesays.com\/it\/wp-json\/wp\/v2\/media?parent=141311"}],"wp:term":[{"taxonomy":"category","embeddable":true,"href":"https:\/\/www.europesays.com\/it\/wp-json\/wp\/v2\/categories?post=141311"},{"taxonomy":"post_tag","embeddable":true,"href":"https:\/\/www.europesays.com\/it\/wp-json\/wp\/v2\/tags?post=141311"}],"curies":[{"name":"wp","href":"https:\/\/api.w.org\/{rel}","templated":true}]}}