{"id":141361,"date":"2025-10-01T11:19:09","date_gmt":"2025-10-01T11:19:09","guid":{"rendered":"https:\/\/www.europesays.com\/it\/141361\/"},"modified":"2025-10-01T11:19:09","modified_gmt":"2025-10-01T11:19:09","slug":"ousmane-ndiaye-si-presenta-obiettivo-crescita-e-impatto-in-serie-a","status":"publish","type":"post","link":"https:\/\/www.europesays.com\/it\/141361\/","title":{"rendered":"Ousmane Ndiaye si presenta, obiettivo crescita e impatto in Serie A"},"content":{"rendered":"<p><a href=\"https:\/\/www.backdoorpodcast.com\/wp-content\/uploads\/2025\/10\/2025Mazza30Agosto005.jpg\" data-caption=\"Foto Sergio Mazza \/ Ciamillo-Castoria\" rel=\"nofollow noopener\" target=\"_blank\"><img loading=\"lazy\" decoding=\"async\" width=\"696\" height=\"464\" class=\"entry-thumb td-modal-image\" src=\"https:\/\/www.europesays.com\/it\/wp-content\/uploads\/2025\/10\/2025Mazza30Agosto005-696x464.jpg\"   alt=\"Ousmane Ndiaye\" title=\"Ousmane Ndiaye (Vanoli Cremona)\"\/><\/a>Foto Sergio Mazza \/ Ciamillo-Castoria<\/p>\n<p data-start=\"594\" data-end=\"822\">Si chiama <strong data-start=\"618\" data-end=\"636\">Ousmane Ndiaye<\/strong>, ha solo <strong data-start=\"646\" data-end=\"657\">21 anni<\/strong>, ma gi\u00e0 un curriculum da veterano: 211 cm, passaporto senegalese, esperienze in Eurolega e ora pronto a diventare protagonista in <strong data-start=\"788\" data-end=\"821\">Serie A con la Vanoli Cremona<\/strong>.<\/p>\n<p data-start=\"824\" data-end=\"1157\">Arrivato ufficialmente pochi giorni fa, Ndiaye \u00e8 stato presentato al pubblico e alla stampa insieme al general manager <strong data-start=\"943\" data-end=\"959\">Andrea Conti<\/strong>, che ha definito l\u2019ala \u00abun talento internazionale su cui puntiamo per crescere insieme\u00bb. L\u2019obiettivo? Costruire una stagione solida, puntando sul suo potenziale e su un gruppo giovane ma affiatato.<\/p>\n<p>Ousmane Ndiaye: \u00abVoglio crescere lottando. A Cremona sto bene\u00bb<\/p>\n<p data-start=\"1227\" data-end=\"1324\">Nelle sue prime dichiarazioni da giocatore biancobl\u00f9, Ndiaye ha mostrato grande determinazione:<\/p>\n<p data-start=\"1327\" data-end=\"1475\">\u00abHo superato i problemi fisici e sono pronto per l\u2019esordio. Voglio crescere lottando, migliorare giorno dopo giorno e dare tutto per questa maglia\u00bb.<\/p>\n<p data-start=\"1477\" data-end=\"1600\">Sorridente, motivato e gi\u00e0 inserito nell\u2019ambiente, ha parlato anche del suo rapporto con il nuovo coach <strong data-start=\"1581\" data-end=\"1597\">Brotto<\/strong>:<\/p>\n<p data-start=\"1603\" data-end=\"1705\">\u00abMi trovo molto bene con lui, mi d\u00e0 fiducia. \u00c8 un gruppo compatto, abbiamo tutti voglia di fare bene\u00bb.<\/p>\n<p>Un progetto di crescita personale e collettiva<\/p>\n<p data-start=\"1767\" data-end=\"2078\">Ousmane Ndiaye arriva da un\u2019esperienza con il <strong data-start=\"1805\" data-end=\"1817\">Baskonia<\/strong> in Spagna, dove ha assaggiato l\u2019atmosfera di EuroLeague. Ora, a Cremona, il suo ruolo sar\u00e0 diverso: avr\u00e0 spazio, minuti e responsabilit\u00e0.<br data-start=\"1955\" data-end=\"1958\"\/>Un\u2019opportunit\u00e0 importante per crescere tecnicamente e mentalmente in una Serie A che si conferma sempre pi\u00f9 competitiva.<\/p>\n<p data-start=\"2082\" data-end=\"2213\">\u00abL\u2019obiettivo \u00e8 semplice: vincere il pi\u00f9 possibile e farci rispettare. Il campionato italiano \u00e8 fisico e difficile, ma sono pronto\u00bb.<\/p>\n<p>Fuori dal campo: pizza, passeggiate e passione per l\u2019Italia<\/p>\n<p data-start=\"2288\" data-end=\"2439\">Non solo basket nella vita di Ousmane. Il giocatore ha raccontato anche qualche dettaglio personale, che lo avvicina ancora di pi\u00f9 ai tifosi cremonesi:<\/p>\n<p data-start=\"2443\" data-end=\"2563\">\u00abMi piace scoprire l\u2019Italia, passeggiare per la citt\u00e0. La pizza \u00e8 il mio piatto preferito \u2013 meglio se dopo le partite!\u00bb.<\/p>\n<p>Prossimo appuntamento: Vanoli-Reyer domenica alle 19<\/p>\n<p data-start=\"2631\" data-end=\"2753\">Il primo banco di prova sar\u00e0 la sfida contro la <strong data-start=\"2679\" data-end=\"2696\">Reyer Venezia<\/strong>, in programma domenica 5 ottobre alle ore 19 a Mestre.<\/p>\n<p data-start=\"2755\" data-end=\"3005\">Buone notizie sul fronte Ndiaye, pienamente recuperato, mentre <strong data-start=\"2818\" data-end=\"2854\">restano dubbi su Christian Burns<\/strong>, alle prese con un problema fisico. In caso di forfait, coach Brotta \u00e8 pronto ad affidarsi a <strong data-start=\"2948\" data-end=\"2976\">Bartoli, Borgo e Dionisi<\/strong>, giovani in rampa di lancio.<\/p>\n","protected":false},"excerpt":{"rendered":"Foto Sergio Mazza \/ Ciamillo-Castoria Si chiama Ousmane Ndiaye, ha solo 21 anni, ma gi\u00e0 un curriculum da&hellip;\n","protected":false},"author":3,"featured_media":141362,"comment_status":"","ping_status":"","sticky":false,"template":"","format":"standard","meta":{"footnotes":""},"categories":[1453],"tags":[1756,1757,1537,90,89,3697,5667,245,244,3699],"class_list":{"0":"post-141361","1":"post","2":"type-post","3":"status-publish","4":"format-standard","5":"has-post-thumbnail","7":"category-basket","8":"tag-basket","9":"tag-basketball","10":"tag-it","11":"tag-italia","12":"tag-italy","13":"tag-legabasket","14":"tag-ousmane-ndiaye","15":"tag-sport","16":"tag-sports","17":"tag-vanoli-cremona"},"share_on_mastodon":{"url":"","error":""},"_links":{"self":[{"href":"https:\/\/www.europesays.com\/it\/wp-json\/wp\/v2\/posts\/141361","targetHints":{"allow":["GET"]}}],"collection":[{"href":"https:\/\/www.europesays.com\/it\/wp-json\/wp\/v2\/posts"}],"about":[{"href":"https:\/\/www.europesays.com\/it\/wp-json\/wp\/v2\/types\/post"}],"author":[{"embeddable":true,"href":"https:\/\/www.europesays.com\/it\/wp-json\/wp\/v2\/users\/3"}],"replies":[{"embeddable":true,"href":"https:\/\/www.europesays.com\/it\/wp-json\/wp\/v2\/comments?post=141361"}],"version-history":[{"count":0,"href":"https:\/\/www.europesays.com\/it\/wp-json\/wp\/v2\/posts\/141361\/revisions"}],"wp:featuredmedia":[{"embeddable":true,"href":"https:\/\/www.europesays.com\/it\/wp-json\/wp\/v2\/media\/141362"}],"wp:attachment":[{"href":"https:\/\/www.europesays.com\/it\/wp-json\/wp\/v2\/media?parent=141361"}],"wp:term":[{"taxonomy":"category","embeddable":true,"href":"https:\/\/www.europesays.com\/it\/wp-json\/wp\/v2\/categories?post=141361"},{"taxonomy":"post_tag","embeddable":true,"href":"https:\/\/www.europesays.com\/it\/wp-json\/wp\/v2\/tags?post=141361"}],"curies":[{"name":"wp","href":"https:\/\/api.w.org\/{rel}","templated":true}]}}