{"id":141457,"date":"2025-10-01T12:17:13","date_gmt":"2025-10-01T12:17:13","guid":{"rendered":"https:\/\/www.europesays.com\/it\/141457\/"},"modified":"2025-10-01T12:17:13","modified_gmt":"2025-10-01T12:17:13","slug":"a-ottobre-laboratori-per-tutti-alla-libreria-testaperaria","status":"publish","type":"post","link":"https:\/\/www.europesays.com\/it\/141457\/","title":{"rendered":"A ottobre laboratori per tutti alla libreria Testaperaria"},"content":{"rendered":"<p>            \t<img decoding=\"async\" class=\"main-pix\" src=\"https:\/\/www.europesays.com\/it\/wp-content\/uploads\/2025\/10\/artista-come-te-11_scale_600x300.jpg\"\/><\/p>\n<p>Prosegue il programma di iniziative della libreria Testaperaria a Ferrara in via De&#8217; Romei 19\/a, rivolte ad adulti e bambini.<\/p>\n<p>Il programma di ottobre 2025 prevede:<\/p>\n<p>&#8211;\u00a0<strong>Mercoled\u00ec 1 &#8211; 8 &#8211; 15 &#8211; 22 ottobre 2025 alle 17:30<\/strong> &#8211; &#8220;ARTISTA COME TE&#8221;. Scoperte intorno al colore insieme, a cura di Sara Fabi. Laboratori creativi di Sara, ogni mercoled\u00ec pomeriggio in libreria. \u00c8 rivolto a bambini dai 4 anni. Ha un costo di euro 7 e durata di 1 ora e un quarto.<\/p>\n<p>&#8211;\u00a0<strong>Marted\u00ec 14 ottobre 2025 alle 18:<\/strong><strong>00<\/strong> &#8211; &#8220;ALBI ILLUSTRATI CHE PIACCIONO A NOI&#8221;. I consigli delle libraie di Testaperaria. Un incontro gratuito rivolto agli adulti con la durata di 1 ora.<\/p>\n<p>&#8211;\u00a0<strong>Venerd\u00ec 24 ottobre 2025 alle 20:45<\/strong> &#8211; &#8220;DIRE L&#8217;ESSENZIALE&#8221;. Albi illustrati e caviardage per scoprire la forza nascosta delle parole.Con Alice Rugiero esploreremo il mondo degli albi illustrati; con Sara Fabi daremo voce alla nostra creativit\u00e0 attraverso la tecnica del caviardage. L&#8217;attivit\u00e0 \u00e8 rivolta agli adulti. Ha un costo di\u00a015\u00a0euro\u00a0 e durata di 1 ora e mezzo.<\/p>\n<p>&#8211;\u00a0<strong>Sabato 25 0ttobre 2025 alle 17:30<\/strong> &#8211; &#8220;L&#8217;ALLENAMENTO SEGRETO DEI CANI&#8221;. Presentazione del libro di Valentina Edizioni. Narrazione a cura dell&#8217;autore Marco Fabbri e laboratorio di disegno a cura dell&#8217;illustratrice (in collegamento a distanza), Sara Brienza. Evento gratuito, rivolto a bambini dai \u00a04 anni e durata di 1 ora.<\/p>\n<p>&#8211;\u00a0<strong>Mercoled\u00ec 29 ottobre 2025 alle 17:30<\/strong> &#8211; &#8220;ALLA LUCE DELLA LUNA&#8221;. Se sei coraggioso, ti aspettiamo in libreria per un laboratorio al buio a cura di Sara Fabi. Dedicato a bambini dai \u00a04. Il costo \u00e8 di euro 7,50 e la durata di 1 ora.<\/p>\n<p>Per iscriversi ai laboratori di Testaperaria telefonare allo 0532-202823 oppure inviare email a info@testaperaria.it &#8211;\u00a0<a style=\"color: #c50000;\" href=\"https:\/\/mailchi.mp\/77d4e8250bbd\/gennaio-a-testaperaria-16940266?e=4dbeecc730\" rel=\"nofollow noopener\" target=\"_blank\">Visualizza tutto il programma anche nel browser<\/a><\/p>\n<p>(Comunicazione a cura della libreria Testaperaria)<\/p>\n<p><strong>Immagini scaricabili:<\/strong><\/p>\n<p>                <a class=\"immagini-notizia\" href=\"https:\/\/www.cronacacomune.it\/media\/uploads\/immagini\/90\/artista-come-te-11.jpg\" id=\"immagine-53114\" rel=\"nofollow noopener\" target=\"_blank\"><br \/>\n                <img decoding=\"async\" alt=\"\" src=\"https:\/\/www.europesays.com\/it\/wp-content\/uploads\/2025\/10\/artista-come-te-11.jpg.100x100_q85.jpg\"\/><br \/>\n                <\/a><\/p>\n<p>                <a class=\"immagini-notizia\" href=\"https:\/\/www.cronacacomune.it\/media\/uploads\/immagini\/90\/12.jpg\" id=\"immagine-53115\" rel=\"nofollow noopener\" target=\"_blank\"><br \/>\n                <img decoding=\"async\" alt=\"\" src=\"https:\/\/www.europesays.com\/it\/wp-content\/uploads\/2025\/10\/12.jpg.100x100_q85.jpg\"\/><br \/>\n                <\/a><\/p>\n<p>                <a class=\"immagini-notizia\" href=\"https:\/\/www.cronacacomune.it\/media\/uploads\/immagini\/90\/13.jpg\" id=\"immagine-53116\" rel=\"nofollow noopener\" target=\"_blank\"><br \/>\n                <img decoding=\"async\" alt=\"\" src=\"https:\/\/www.europesays.com\/it\/wp-content\/uploads\/2025\/10\/13.jpg.100x100_q85.jpg\"\/><br \/>\n                <\/a><\/p>\n<p>                <a class=\"immagini-notizia\" href=\"https:\/\/www.cronacacomune.it\/media\/uploads\/immagini\/90\/14.jpg\" id=\"immagine-53117\" rel=\"nofollow noopener\" target=\"_blank\"><br \/>\n                <img decoding=\"async\" alt=\"\" src=\"https:\/\/www.europesays.com\/it\/wp-content\/uploads\/2025\/10\/14.jpg.100x100_q85.jpg\"\/><br \/>\n                <\/a><\/p>\n<p>                <a class=\"immagini-notizia\" href=\"https:\/\/www.cronacacomune.it\/media\/uploads\/immagini\/90\/15.jpg\" id=\"immagine-53118\" rel=\"nofollow noopener\" target=\"_blank\"><br \/>\n                <img decoding=\"async\" alt=\"\" src=\"https:\/\/www.europesays.com\/it\/wp-content\/uploads\/2025\/10\/15.jpg.100x100_q85.jpg\"\/><br \/>\n                <\/a><\/p>\n","protected":false},"excerpt":{"rendered":"Prosegue il programma di iniziative della libreria Testaperaria a Ferrara in via De&#8217; Romei 19\/a, rivolte ad adulti&hellip;\n","protected":false},"author":3,"featured_media":141458,"comment_status":"","ping_status":"","sticky":false,"template":"","format":"standard","meta":{"footnotes":""},"categories":[1445],"tags":[1608,203,204,1537,90,89,1609],"class_list":{"0":"post-141457","1":"post","2":"type-post","3":"status-publish","4":"format-standard","5":"has-post-thumbnail","7":"category-libri","8":"tag-books","9":"tag-entertainment","10":"tag-intrattenimento","11":"tag-it","12":"tag-italia","13":"tag-italy","14":"tag-libri"},"share_on_mastodon":{"url":"","error":""},"_links":{"self":[{"href":"https:\/\/www.europesays.com\/it\/wp-json\/wp\/v2\/posts\/141457","targetHints":{"allow":["GET"]}}],"collection":[{"href":"https:\/\/www.europesays.com\/it\/wp-json\/wp\/v2\/posts"}],"about":[{"href":"https:\/\/www.europesays.com\/it\/wp-json\/wp\/v2\/types\/post"}],"author":[{"embeddable":true,"href":"https:\/\/www.europesays.com\/it\/wp-json\/wp\/v2\/users\/3"}],"replies":[{"embeddable":true,"href":"https:\/\/www.europesays.com\/it\/wp-json\/wp\/v2\/comments?post=141457"}],"version-history":[{"count":0,"href":"https:\/\/www.europesays.com\/it\/wp-json\/wp\/v2\/posts\/141457\/revisions"}],"wp:featuredmedia":[{"embeddable":true,"href":"https:\/\/www.europesays.com\/it\/wp-json\/wp\/v2\/media\/141458"}],"wp:attachment":[{"href":"https:\/\/www.europesays.com\/it\/wp-json\/wp\/v2\/media?parent=141457"}],"wp:term":[{"taxonomy":"category","embeddable":true,"href":"https:\/\/www.europesays.com\/it\/wp-json\/wp\/v2\/categories?post=141457"},{"taxonomy":"post_tag","embeddable":true,"href":"https:\/\/www.europesays.com\/it\/wp-json\/wp\/v2\/tags?post=141457"}],"curies":[{"name":"wp","href":"https:\/\/api.w.org\/{rel}","templated":true}]}}