{"id":141610,"date":"2025-10-01T13:53:12","date_gmt":"2025-10-01T13:53:12","guid":{"rendered":"https:\/\/www.europesays.com\/it\/141610\/"},"modified":"2025-10-01T13:53:12","modified_gmt":"2025-10-01T13:53:12","slug":"limpegno-e-le-iniziative-dei-retailer-contro-il-cancro","status":"publish","type":"post","link":"https:\/\/www.europesays.com\/it\/141610\/","title":{"rendered":"l&#8217;impegno e le iniziative dei retailer contro il cancro"},"content":{"rendered":"<p>        <a href=\"https:\/\/static.tecnichenuove.it\/gdoweek\/2025\/10\/AIRC_Nastro-Rosa.jpg\" data-caption=\"\" rel=\"nofollow noopener\" target=\"_blank\"><img loading=\"lazy\" decoding=\"async\" width=\"696\" height=\"392\" class=\"entry-thumb td-modal-image\" src=\"https:\/\/www.europesays.com\/it\/wp-content\/uploads\/2025\/10\/AIRC_Nastro-Rosa-696x392.jpg\"   alt=\"\" title=\"AIRC_Nastro Rosa\"\/><\/a><\/p>\n<p>#Esg. Sono partire le attivit\u00e0 dei retailer per promuovere la prevenzione e sostenere la ricerca contro il tumore al seno. Ve ne raccontiamo alcune<\/p>\n<p>Tornano le attivit\u00e0 di prevenzione e sostegno alla ricerca che vedono il coinvolgimento di alcune insegne della distribuzione moderna. Vediamo insieme alcune azioni all&#8217;interno dei punti di vendita che andranno a sostenere alcune fondazioni attive nel settore: dalla Fondazione Airc alla Fondazione Umberto Veronesi.<\/p>\n<p>Aldi<\/p>\n<p>Per l\u2019ottavo anno consecutivo Aldi partecipa coinvolgendo addetti e clienti: dal 6 ottobre al 2 novembre in tutti i suoi store sar\u00e0 possibile acquistare i prodotti contraddistinti dalla tipica confezione rosa e dal logo Airc, simbolo della campagna. Tra i protagonisti dell\u2019iniziativa alcuni item della linea <strong>I Colori del Sapore<\/strong> e la gamma <strong>Regione che Vai<\/strong>. Per ogni confezione venduta sar\u00e0 devoluto un contributo pari a 0,13 euro. Il sostegno continuativo negli anni all\u2019iniziativa Nastro Rosa rientra nella strategia di Corporate Responsibility di Aldi definita Oggi per domani.<\/p>\n<p>\u201cDa otto anni, Aldi accompagna i propri clienti nel sostenere la scienza e la salute delle persone attraverso scelte quotidiane che hanno un impatto reale, come il fare la spesa&#8221; ha sottolineato <strong>Michael Gscheidlinger, country managing director Italia<\/strong>.<\/p>\n<p>iN&#8217;s Mercato (Pam)<\/p>\n<p>Il contributo di iN\u2019s Mercato andr\u00e0 a sostenere la Fondazione Umberto Veronesi Ets.<br \/>Tra gli eventi previsti, la PittaRosso Pink Parade, la grande camminata rosa ideata da PittaRosso. Tra i progetti finanziati anche Studio P.I.N.K., il progetto di ricerca nazionale dedicato alla diagnostica oncologica e alla medicina personalizzata per avvicinare sempre pi\u00f9 al 100% la quota di donne che superano il tumore al seno e un innovativo progetto<br \/>mirato a individuare le alterazioni genetiche delle cellule circolanti in una forma aggressiva di tumore al seno, per sviluppare nuove terapie e strumenti diagnostici. Anche in questa dodicesima edizione sar\u00e0 possibile scegliere se partecipare all\u2019evento in presenza, a Milano, oppure aderire da tutta Italia all\u2019edizione diffusa, condividendo la propria esperienza sui social con l\u2019hashtag ufficiale #PPP2025.<br \/>\u201cPartecipare alle iniziative di Autunno in rosa, come nel caso della Pink Parade, significa contribuire concretamente alla diffusione della cultura della prevenzione e al sostegno della ricerca\u00a0&#8211; commenta <strong>Francesca Anna Salmaso, direttrice marketing e comunicazione<\/strong> -. Ecco perch\u00e9 per noi \u00e8 fondamentale esserci e favorire la pi\u00f9 ampia partecipazione possibile, a Milano come nel resto d\u2019Italia: insieme possiamo fare la differenza, un passo alla volta\u201d.<\/p>\n","protected":false},"excerpt":{"rendered":"#Esg. Sono partire le attivit\u00e0 dei retailer per promuovere la prevenzione e sostenere la ricerca contro il tumore&hellip;\n","protected":false},"author":3,"featured_media":141611,"comment_status":"","ping_status":"","sticky":false,"template":"","format":"standard","meta":{"footnotes":""},"categories":[1480],"tags":[1944,239,1537,90,89,240,1942,1943,1940,1941],"class_list":{"0":"post-141610","1":"post","2":"type-post","3":"status-publish","4":"format-standard","5":"has-post-thumbnail","7":"category-salute-femminile","8":"tag-femminile","9":"tag-health","10":"tag-it","11":"tag-italia","12":"tag-italy","13":"tag-salute","14":"tag-salute-femminile","15":"tag-salutefemminile","16":"tag-womens-health","17":"tag-womenshealth"},"share_on_mastodon":{"url":"","error":""},"_links":{"self":[{"href":"https:\/\/www.europesays.com\/it\/wp-json\/wp\/v2\/posts\/141610","targetHints":{"allow":["GET"]}}],"collection":[{"href":"https:\/\/www.europesays.com\/it\/wp-json\/wp\/v2\/posts"}],"about":[{"href":"https:\/\/www.europesays.com\/it\/wp-json\/wp\/v2\/types\/post"}],"author":[{"embeddable":true,"href":"https:\/\/www.europesays.com\/it\/wp-json\/wp\/v2\/users\/3"}],"replies":[{"embeddable":true,"href":"https:\/\/www.europesays.com\/it\/wp-json\/wp\/v2\/comments?post=141610"}],"version-history":[{"count":0,"href":"https:\/\/www.europesays.com\/it\/wp-json\/wp\/v2\/posts\/141610\/revisions"}],"wp:featuredmedia":[{"embeddable":true,"href":"https:\/\/www.europesays.com\/it\/wp-json\/wp\/v2\/media\/141611"}],"wp:attachment":[{"href":"https:\/\/www.europesays.com\/it\/wp-json\/wp\/v2\/media?parent=141610"}],"wp:term":[{"taxonomy":"category","embeddable":true,"href":"https:\/\/www.europesays.com\/it\/wp-json\/wp\/v2\/categories?post=141610"},{"taxonomy":"post_tag","embeddable":true,"href":"https:\/\/www.europesays.com\/it\/wp-json\/wp\/v2\/tags?post=141610"}],"curies":[{"name":"wp","href":"https:\/\/api.w.org\/{rel}","templated":true}]}}