{"id":141660,"date":"2025-10-01T14:23:12","date_gmt":"2025-10-01T14:23:12","guid":{"rendered":"https:\/\/www.europesays.com\/it\/141660\/"},"modified":"2025-10-01T14:23:12","modified_gmt":"2025-10-01T14:23:12","slug":"la-femminile-del-rugby-fvg-pronta-per-la-nuova-stagione","status":"publish","type":"post","link":"https:\/\/www.europesays.com\/it\/141660\/","title":{"rendered":"La femminile del rugby FVG pronta per la nuova stagione"},"content":{"rendered":"<p style=\"font-weight: 400;\"><strong>01.10.2025<\/strong> \u2013 <strong>16.01<\/strong> \u2013 Il <strong>Forum Iulii RFC<\/strong> ha acceso i motori in vista della nuova stagione, con la determinazione e l\u2019entusiasmo che da sempre contraddistinguono la <strong>formazione femminile<\/strong> \u201c<strong>made in FVG<\/strong>\u201d. Sotto la guida del nuovo head coach <strong>Luca Lattanzi<\/strong>, la squadra sta affrontando settimane di intenso lavoro sul campo, puntando su ritmo, organizzazione e coesione di gruppo. Un primo importante banco di prova \u00e8 arrivato con l\u2019allenamento congiunto disputato contro il <strong>Benetton Treviso<\/strong>, realt\u00e0 di spicco del <a href=\"https:\/\/www.triesteallnews.it\/2025\/09\/trieste-entra-nellolimpo-dello-sport-settima-citta-in-italia-per-indice-di-sportivita\/\" target=\"_blank\" rel=\"noopener nofollow\">rugby<\/a> nazionale. Un test impegnativo ma estremamente positivo, che ha permesso al Forum Iulii di misurarsi con un\u2019avversaria di alto livello e di raccogliere spunti preziosi in vista dell\u2019esordio in campionato.<\/p>\n<p style=\"font-weight: 400;\">\u201cLe ragazze stanno rispondendo con grande disponibilit\u00e0 e impegno\u201d ha dichiarato<strong> coach Lattanzi<\/strong>\u00a0\u201cL\u2019allenamento con il Benetton ci ha dato conferme e allo stesso tempo ci ha mostrato su cosa dobbiamo ancora lavorare. \u00c8 un gruppo con grandi potenzialit\u00e0, pronto a crescere e a togliersi soddisfazioni\u201d.<\/p>\n<p style=\"font-weight: 400;\">Sulla stessa linea le parole del presidente <strong>Giancarlo Stocco<\/strong>, che ha voluto sottolineare il valore del progetto:\u201cIl Forum Iulii rappresenta una realt\u00e0 unica nel panorama ovale, capace di unire pi\u00f9 societ\u00e0 e di valorizzare le migliori atlete del nostro territorio. L\u2019inizio della stagione \u00e8 sempre un momento carico di aspettative e siamo certi che il lavoro di coach Lattanzi porter\u00e0 frutti importanti. Le ragazze hanno carattere e qualit\u00e0: siamo orgogliosi di loro e della loro dedizione\u201d.<\/p>\n<p style=\"font-weight: 400;\">Il Forum Iulii RFC nasce infatti dalla collaborazione tra\u00a0<a href=\"https:\/\/venjuliarugbytrieste.com\" target=\"_blank\" rel=\"noopener nofollow\">Venjulia Trieste<\/a><strong>, Gorizia Rugby, Juvenilia Bagnaria Arsa, Black Ducks Gemona, Pordenone Rugby e Montebelluna Rugby<\/strong>. Una sinergia che consente di raccogliere talenti e di costruire una squadra competitiva, capace di rappresentare l\u2019intero Friuli-Venezia Giulia e il vicino Veneto. La nuova stagione \u00e8 ormai alle porte: per il Forum Iulii RFC \u00e8 il momento di trasformare il lavoro estivo in risultati, con la consapevolezza di avere tutte le carte in regola per recitare un ruolo da protagonista.<\/p>\n<p>[c.s.] [m.m.]<\/p>\n","protected":false},"excerpt":{"rendered":"01.10.2025 \u2013 16.01 \u2013 Il Forum Iulii RFC ha acceso i motori in vista della nuova stagione, con&hellip;\n","protected":false},"author":3,"featured_media":141661,"comment_status":"","ping_status":"","sticky":false,"template":"","format":"standard","meta":{"footnotes":""},"categories":[1458],"tags":[9040,89699,89700,89701,1537,90,89,89702,1840,245,244,6687],"class_list":{"0":"post-141660","1":"post","2":"type-post","3":"status-publish","4":"format-standard","5":"has-post-thumbnail","7":"category-rugby","8":"tag-benetton-treviso","9":"tag-femminile-rugby","10":"tag-forum-iulii-rfc","11":"tag-giancarlo-stocco","12":"tag-it","13":"tag-italia","14":"tag-italy","15":"tag-luca-lattanzi","16":"tag-rugby","17":"tag-sport","18":"tag-sports","19":"tag-trieste"},"share_on_mastodon":{"url":"","error":""},"_links":{"self":[{"href":"https:\/\/www.europesays.com\/it\/wp-json\/wp\/v2\/posts\/141660","targetHints":{"allow":["GET"]}}],"collection":[{"href":"https:\/\/www.europesays.com\/it\/wp-json\/wp\/v2\/posts"}],"about":[{"href":"https:\/\/www.europesays.com\/it\/wp-json\/wp\/v2\/types\/post"}],"author":[{"embeddable":true,"href":"https:\/\/www.europesays.com\/it\/wp-json\/wp\/v2\/users\/3"}],"replies":[{"embeddable":true,"href":"https:\/\/www.europesays.com\/it\/wp-json\/wp\/v2\/comments?post=141660"}],"version-history":[{"count":0,"href":"https:\/\/www.europesays.com\/it\/wp-json\/wp\/v2\/posts\/141660\/revisions"}],"wp:featuredmedia":[{"embeddable":true,"href":"https:\/\/www.europesays.com\/it\/wp-json\/wp\/v2\/media\/141661"}],"wp:attachment":[{"href":"https:\/\/www.europesays.com\/it\/wp-json\/wp\/v2\/media?parent=141660"}],"wp:term":[{"taxonomy":"category","embeddable":true,"href":"https:\/\/www.europesays.com\/it\/wp-json\/wp\/v2\/categories?post=141660"},{"taxonomy":"post_tag","embeddable":true,"href":"https:\/\/www.europesays.com\/it\/wp-json\/wp\/v2\/tags?post=141660"}],"curies":[{"name":"wp","href":"https:\/\/api.w.org\/{rel}","templated":true}]}}