{"id":141678,"date":"2025-10-01T14:32:12","date_gmt":"2025-10-01T14:32:12","guid":{"rendered":"https:\/\/www.europesays.com\/it\/141678\/"},"modified":"2025-10-01T14:32:12","modified_gmt":"2025-10-01T14:32:12","slug":"chiara-squarise-e-il-suo-nuovo-romanzo-occupati-di-me","status":"publish","type":"post","link":"https:\/\/www.europesays.com\/it\/141678\/","title":{"rendered":"Chiara Squarise e il suo nuovo romanzo &#8220;Occupati di me&#8221;"},"content":{"rendered":"<p>          Nota &#8211; Questo comunicato \u00e8 stato pubblicato integralmente come contributo esterno. Questo contenuto non \u00e8 pertanto un articolo prodotto dalla redazione di PadovaOggi <\/p>\n<p>\u201cOccupati di me\u201d Margot osserva l\u2019amato lago, mentre con dolcezza si sfiora la pancia immaginando la sua bambina che sta per nascere. \u00c8 convinta di non volere amare pi\u00f9, e vivere cos\u00ec un\u2019esistenza tranquilla assieme al fratello Milo, alla cognata Rebecca e, quando nascer\u00e0, alla sua bimba. Ma nella vita gli eventi inaspettati sono pronti a stravolgere qualsiasi cammino intrapreso, Margot si ritrover\u00e0 ancora a dovere scegliere tra l\u2019amore travolgente e la calma di una vita senza passione. Questo romanzo \u00e8 il viaggio nella storia di una donna che perde se stessa, ma alla fine si scopre migliore, nella consapevolezza che \u201cfamiglia\u201d \u00e8 una parola che significa condivisione. \u00c8 un inno all\u2019irrazionalit\u00e0 dell\u2019amore e alle sorprese che l\u2019esistenza aspetta solo di regalare.<\/p>\n","protected":false},"excerpt":{"rendered":"Nota &#8211; Questo comunicato \u00e8 stato pubblicato integralmente come contributo esterno. Questo contenuto non \u00e8 pertanto un articolo&hellip;\n","protected":false},"author":3,"featured_media":141679,"comment_status":"","ping_status":"","sticky":false,"template":"","format":"standard","meta":{"footnotes":""},"categories":[1445],"tags":[1608,203,204,1537,90,89,1609],"class_list":{"0":"post-141678","1":"post","2":"type-post","3":"status-publish","4":"format-standard","5":"has-post-thumbnail","7":"category-libri","8":"tag-books","9":"tag-entertainment","10":"tag-intrattenimento","11":"tag-it","12":"tag-italia","13":"tag-italy","14":"tag-libri"},"share_on_mastodon":{"url":"","error":""},"_links":{"self":[{"href":"https:\/\/www.europesays.com\/it\/wp-json\/wp\/v2\/posts\/141678","targetHints":{"allow":["GET"]}}],"collection":[{"href":"https:\/\/www.europesays.com\/it\/wp-json\/wp\/v2\/posts"}],"about":[{"href":"https:\/\/www.europesays.com\/it\/wp-json\/wp\/v2\/types\/post"}],"author":[{"embeddable":true,"href":"https:\/\/www.europesays.com\/it\/wp-json\/wp\/v2\/users\/3"}],"replies":[{"embeddable":true,"href":"https:\/\/www.europesays.com\/it\/wp-json\/wp\/v2\/comments?post=141678"}],"version-history":[{"count":0,"href":"https:\/\/www.europesays.com\/it\/wp-json\/wp\/v2\/posts\/141678\/revisions"}],"wp:featuredmedia":[{"embeddable":true,"href":"https:\/\/www.europesays.com\/it\/wp-json\/wp\/v2\/media\/141679"}],"wp:attachment":[{"href":"https:\/\/www.europesays.com\/it\/wp-json\/wp\/v2\/media?parent=141678"}],"wp:term":[{"taxonomy":"category","embeddable":true,"href":"https:\/\/www.europesays.com\/it\/wp-json\/wp\/v2\/categories?post=141678"},{"taxonomy":"post_tag","embeddable":true,"href":"https:\/\/www.europesays.com\/it\/wp-json\/wp\/v2\/tags?post=141678"}],"curies":[{"name":"wp","href":"https:\/\/api.w.org\/{rel}","templated":true}]}}