{"id":141794,"date":"2025-10-01T15:38:11","date_gmt":"2025-10-01T15:38:11","guid":{"rendered":"https:\/\/www.europesays.com\/it\/141794\/"},"modified":"2025-10-01T15:38:11","modified_gmt":"2025-10-01T15:38:11","slug":"al-via-da-oggi-in-sicilia-la-campagna-vaccinale-contro-linfluenza","status":"publish","type":"post","link":"https:\/\/www.europesays.com\/it\/141794\/","title":{"rendered":"Al via da oggi in Sicilia la campagna vaccinale contro l&#8217;influenza"},"content":{"rendered":"\n<p align=\"JUSTIFY\">Parte ufficialmente da oggi la campagna<\/p>\n<p align=\"JUSTIFY\">vaccinale 2025 contro l&#8217;influenza di stagione. Nei giorni scorsi, in Sicilia, sono stati siglati tutti gli accordi necessari tra Regione, medici di base e sindacati di categoria. A discrezione degli utenti, spazio, ovviamente, non soltanto ai sieri dell&#8217;antinfluenzale, ma anche alla somministrazione dell&#8217;anti-covid, l\u2019antipneumococcico, il vaccino contro l\u2019Herpes Zoster, il virus respiratorio sinciziale e il Papillomavirus.<\/p>\n<p align=\"JUSTIFY\">Un\u2019intesa che rafforza il ruolo strategico del medico di famiglia, che era e rimane una figura di riferimento imprescindibile non soltanto per i cittadini, ma anche per l\u2019intero Servizio Sanitario Nazionale. L\u2019accordo tra le parti prevede un compenso minimo di 10 euro per ogni vaccinazione effettuata presso lo studio medico, e di 15 euro per le somministrazioni domiciliari. L&#8217;obiettivo \u00e8 sempre quello di facilitare l&#8217;accesso alle cure, alleggerire il carico di lavoro delle strutture ospedaliere e seguire in modo capillare ogni paziente.<\/p>\n<p align=\"JUSTIFY\">Si punta ad una copertura vaccinale che raggiunga almeno il 75% della popolazione a rischio. Il vaccino antinfluenzale, com&#8217;\u00e8 noto, \u00e8 indicato come forma di prevenzione e per evitare eventuali complicanze, \u00e8 destinato a tutte le persone a partire dai sei mesi di et\u00e0 e fortemente raccomandato per le categorie considerate pi\u00f9 a rischio, a cui spetta gratis, ossia over 60, donne in gravidanza, bambini tra i 6 mesi e i 6 anni, operatori sanitari e coloro che soffrono di malattie croniche o condizioni che indeboliscono il loro sistema immunitario.<\/p>\n<p align=\"JUSTIFY\">Oltre al vaccino, per evitare il diffondersi delle infezioni, gli specialisti ricordano di lavare spesso le mani, evitare ambienti troppo affollati, arieggiare gli spazi chiusi e mantenere uno stile di vita sano. La campagna vaccinale si concluder\u00e0 a fine dicembre, mentre il siero inizia ad essere efficace dopo due settimane dall&#8217;iniezione e l&#8217;immunit\u00e0 cos\u00ec ottenuta dura per 6-8 mesi. Lo scorso anno si sono registrati circa 16 milioni di casi e, secondo gli esperti, circoler\u00e0 tanto anche quest&#8217;anno.<\/p>\n","protected":false},"excerpt":{"rendered":"Parte ufficialmente da oggi la campagna vaccinale 2025 contro l&#8217;influenza di stagione. Nei giorni scorsi, in Sicilia, sono&hellip;\n","protected":false},"author":3,"featured_media":141795,"comment_status":"","ping_status":"","sticky":false,"template":"","format":"standard","meta":{"footnotes":""},"categories":[1512],"tags":[239,7944,1537,90,89,32624,89754,240,2796,2189,2188,2187,89753],"class_list":{"0":"post-141794","1":"post","2":"type-post","3":"status-publish","4":"format-standard","5":"has-post-thumbnail","7":"category-vaccini","8":"tag-health","9":"tag-influenza","10":"tag-it","11":"tag-italia","12":"tag-italy","13":"tag-medici-di-base","14":"tag-persone-a-rischio","15":"tag-salute","16":"tag-vaccinazioni","17":"tag-vaccine","18":"tag-vaccines","19":"tag-vaccini","20":"tag-vaccino-antinfluenzale"},"share_on_mastodon":{"url":"","error":""},"_links":{"self":[{"href":"https:\/\/www.europesays.com\/it\/wp-json\/wp\/v2\/posts\/141794","targetHints":{"allow":["GET"]}}],"collection":[{"href":"https:\/\/www.europesays.com\/it\/wp-json\/wp\/v2\/posts"}],"about":[{"href":"https:\/\/www.europesays.com\/it\/wp-json\/wp\/v2\/types\/post"}],"author":[{"embeddable":true,"href":"https:\/\/www.europesays.com\/it\/wp-json\/wp\/v2\/users\/3"}],"replies":[{"embeddable":true,"href":"https:\/\/www.europesays.com\/it\/wp-json\/wp\/v2\/comments?post=141794"}],"version-history":[{"count":0,"href":"https:\/\/www.europesays.com\/it\/wp-json\/wp\/v2\/posts\/141794\/revisions"}],"wp:featuredmedia":[{"embeddable":true,"href":"https:\/\/www.europesays.com\/it\/wp-json\/wp\/v2\/media\/141795"}],"wp:attachment":[{"href":"https:\/\/www.europesays.com\/it\/wp-json\/wp\/v2\/media?parent=141794"}],"wp:term":[{"taxonomy":"category","embeddable":true,"href":"https:\/\/www.europesays.com\/it\/wp-json\/wp\/v2\/categories?post=141794"},{"taxonomy":"post_tag","embeddable":true,"href":"https:\/\/www.europesays.com\/it\/wp-json\/wp\/v2\/tags?post=141794"}],"curies":[{"name":"wp","href":"https:\/\/api.w.org\/{rel}","templated":true}]}}