{"id":141942,"date":"2025-10-01T17:12:11","date_gmt":"2025-10-01T17:12:11","guid":{"rendered":"https:\/\/www.europesays.com\/it\/141942\/"},"modified":"2025-10-01T17:12:11","modified_gmt":"2025-10-01T17:12:11","slug":"elodie-modella-a-parigi-sfilata-in-abito-rosso-fuoco-le-immagini","status":"publish","type":"post","link":"https:\/\/www.europesays.com\/it\/141942\/","title":{"rendered":"Elodie modella a Parigi, sfilata in abito rosso fuoco: le immagini"},"content":{"rendered":"<p>                                Prima il front row a Milano da spettatrice, poi lo show di apertura della Paris Fashion Week da protagonista<\/p>\n<p>                    1 ottobre &#8211; 17:10  &#8211; MILANO<\/p>\n<p class=\"paragraph\" spellcheck=\"true\">Dopo aver monopolizzato i flash dei fotografi alla Milano Fashion Week, <a href=\"https:\/\/www.gazzetta.it\/gossip\/26-09-2025\/chiara-ferragni-alla-fashion-week-con-elodie-e-annalisa.shtml?intcmp=hyperlink-articolo-gazit\" title=\"Chiara Ferragni alla Fashion Week con Elodie e Annalisa\" target=\"_blank\" rel=\"nofollow noopener\">seduta in prima fila accanto a Chiara Ferragni e Annalisa<\/a>, <b>Elodie<\/b> ha portato la sua energia a Parigi. La cantante romana \u00e8 volata oltralpe per essere tra le protagoniste della sfilata di apertura della Fashion Week francese. Stretta in uno scintillante <b>abito rosso tempestato di cristalli<\/b>, ha letteralmente infuocato la passerella. Tantissimi i vip presenti, tra cui\u00a0<a href=\"https:\/\/www.gazzetta.it\/gossip\/15-03-2025\/eva-longoria-compie-50-anni-laurea-matrimoni-figli-e-curiosita.shtml\" target=\"_blank\" rel=\"nofollow noopener\">Eva Longoria<\/a> e\u00a0<a href=\"https:\/\/www.gazzetta.it\/gossip\/01-07-2025\/gianmarco-tamberi-con-chiara-bontempi-incinta-foto-in-vacanza.shtml\" target=\"_blank\" rel=\"nofollow noopener\">Gianmarco Tamberi<\/a>, suo collega per una notte.<\/p>\n<p class=\"paragraph\" spellcheck=\"true\"><b>Leggi anche:\u00a0<a href=\"https:\/\/www.gazzetta.it\/gossip\/10-08-2025\/elodie-sexy-al-mare-per-il-compleanno-di-andrea-iannone.shtml\" rel=\"nofollow noopener\" target=\"_blank\">Elodie, sexy al mare festeggia il compleanno di Andrea Iannone: &#8220;Auguri amore&#8221;<\/a><\/b><\/p>\n<p>    La sfilata di Elodie a Parigi\u2014 \u00a0<\/p>\n<p class=\"paragraph is-inline\" spellcheck=\"true\">In un piazzale gremito di fotografi e fan, Elodie ha fatto un ingresso che ha decisamente lasciato il segno. Indossava un <b>abito vintage haute couture color rosso fuoco<\/b>, ricoperto da centinaia di cristalli applicati a mano dall&#8217;effetto finale abbacinante. Un modello sinuoso, con una gonna a sirena e un bustier rigido senza spalline, che metteva perfettamente in risalto la sua figura sottile; a completare il tutto c&#8217;erano pumps abbinate e gioielli in diamanti.\u00a0Un cambiamento audace, per Elodie, dopo due edizioni in cui aveva <b>optato per il total black<\/b>.<\/p>\n<p>    Elodie e tamberi a parigi\u2014 \u00a0<\/p>\n<p class=\"paragraph is-inline\" spellcheck=\"true\">A sfilare assieme a Elodie, c&#8217;era anche\u00a0<b>Gianmarco Tamberi<\/b>, in completo nero e con una &#8220;D&#8221; sulla mano, simbolo\u00a0di Stand Up, il programma di formazione pensato per prevenire le molestie nei luoghi pubblici.\u00a0Il campione olimpico di salto in alto, infatti, \u00e8 stato scelto da L&#8217;Or\u00e9al come primo ambassador maschile per il nostro Paese.<\/p>\n<p>    La passione per la moda di Elodie\u2014 \u00a0<\/p>\n<p class=\"paragraph is-inline\" spellcheck=\"true\"><a href=\"https:\/\/www.gazzetta.it\/spettacolo\/27-08-2025\/irama-elodie-ex-e-il-nuovo-singolo-ecco-di-cosa-parla.shtml?intcmp=hyperlink-articolo-gazit\" title=\"Elodie duetta con Irama per la prima volta: di cosa parla la nuova canzone \" ex=\"\" target=\"_blank\" rel=\"nofollow noopener\">Cantante<\/a>, <a href=\"https:\/\/www.gazzetta.it\/spettacolo\/08-03-2025\/elodie-torna-al-cinema-le-scene-di-sesso-e-la-crisi-creativa.shtml\" rel=\"nofollow noopener\" target=\"_blank\">attrice<\/a> e <b>perfino doppiatrice<\/b> (pur se con <a href=\"https:\/\/www.gazzetta.it\/spettacolo\/18-12-2024\/mufasa-il-re-leone-trama-trailer-doppiatori-italiani-curiosita.shtml\" rel=\"nofollow noopener\" target=\"_blank\">qualche polemica di sottofondo<\/a>). Forse per merito anche dell&#8217;<a href=\"https:\/\/www.gazzetta.it\/gossip\/11-07-2025\/diletta-leotta-e-elodie-in-vacanza-senza-loris-karius-e-andrea-iannone.shtml\" target=\"_blank\" rel=\"nofollow noopener\">amicizia con Diletta Leotta<\/a>, Elodie negli ultimi anni si \u00e8 trasformata in un&#8217;icona di stile anche fuori dal palcoscenico. La sua passione per la moda l&#8217;ha portata nel corso del tempo a sperimentare diversi registri, con risultati mai scontati. Non a caso,\u00a0la popstar romana \u00e8 diventata una presenza fissa nei front row delle grandi maison. Dall&#8217;anima <b>mannish-chic<\/b>\u00a0dei cappotti oversize e dettagli dal taglio maschile fino alla sensualit\u00e0 graffiante di un <b>mini dress coperto di paillettes<\/b> <b>dorate<\/b>, senza dimenticare i look pi\u00f9 rock in pelle nera, Elodie sa come coniugare gli opposti. E la Fashion Week della Ville Lumi\u00e8re ne \u00e8 la prova lampante.<\/p>\n<p class=\"is-above-copyright is-mr-r-10\" spellcheck=\"true\">La Gazzetta dello Sport<\/p>\n<p class=\"is-copyright\">\u00a9 RIPRODUZIONE RISERVATA<\/p>\n","protected":false},"excerpt":{"rendered":"Prima il front row a Milano da spettatrice, poi lo show di apertura della Paris Fashion Week da&hellip;\n","protected":false},"author":3,"featured_media":141943,"comment_status":"","ping_status":"","sticky":false,"template":"","format":"standard","meta":{"footnotes":""},"categories":[1451],"tags":[7730,89813,915,2942,1621,1620,36237,8049,203,8895,35889,6289,37076,89814,783,49241,33910,204,1537,90,89,962,23167,28,3112,1289,1950,89815,7970,11835,89816,89817,40942,72131],"class_list":{"0":"post-141942","1":"post","2":"type-post","3":"status-publish","4":"format-standard","5":"has-post-thumbnail","7":"category-celebrita","8":"tag-abito","9":"tag-abito-rosso","10":"tag-apertura","11":"tag-cantante","12":"tag-celebrita","13":"tag-celebrities","14":"tag-cristalli","15":"tag-elodie","16":"tag-entertainment","17":"tag-fashion","18":"tag-fashion-week","19":"tag-fotografi","20":"tag-front","21":"tag-front-row","22":"tag-fuoco","23":"tag-gianmarco","24":"tag-gianmarco-tamberi","25":"tag-intrattenimento","26":"tag-it","27":"tag-italia","28":"tag-italy","29":"tag-mano","30":"tag-maschile","31":"tag-milano","32":"tag-moda","33":"tag-parigi","34":"tag-passione","35":"tag-passione-moda","36":"tag-romana","37":"tag-rosso","38":"tag-rosso-fuoco","39":"tag-row","40":"tag-tamberi","41":"tag-week"},"share_on_mastodon":{"url":"","error":""},"_links":{"self":[{"href":"https:\/\/www.europesays.com\/it\/wp-json\/wp\/v2\/posts\/141942","targetHints":{"allow":["GET"]}}],"collection":[{"href":"https:\/\/www.europesays.com\/it\/wp-json\/wp\/v2\/posts"}],"about":[{"href":"https:\/\/www.europesays.com\/it\/wp-json\/wp\/v2\/types\/post"}],"author":[{"embeddable":true,"href":"https:\/\/www.europesays.com\/it\/wp-json\/wp\/v2\/users\/3"}],"replies":[{"embeddable":true,"href":"https:\/\/www.europesays.com\/it\/wp-json\/wp\/v2\/comments?post=141942"}],"version-history":[{"count":0,"href":"https:\/\/www.europesays.com\/it\/wp-json\/wp\/v2\/posts\/141942\/revisions"}],"wp:featuredmedia":[{"embeddable":true,"href":"https:\/\/www.europesays.com\/it\/wp-json\/wp\/v2\/media\/141943"}],"wp:attachment":[{"href":"https:\/\/www.europesays.com\/it\/wp-json\/wp\/v2\/media?parent=141942"}],"wp:term":[{"taxonomy":"category","embeddable":true,"href":"https:\/\/www.europesays.com\/it\/wp-json\/wp\/v2\/categories?post=141942"},{"taxonomy":"post_tag","embeddable":true,"href":"https:\/\/www.europesays.com\/it\/wp-json\/wp\/v2\/tags?post=141942"}],"curies":[{"name":"wp","href":"https:\/\/api.w.org\/{rel}","templated":true}]}}