{"id":142110,"date":"2025-10-01T18:55:13","date_gmt":"2025-10-01T18:55:13","guid":{"rendered":"https:\/\/www.europesays.com\/it\/142110\/"},"modified":"2025-10-01T18:55:13","modified_gmt":"2025-10-01T18:55:13","slug":"red-bull-bora-hansgrohe-zak-dempster-e-oliver-cookson-lasciano-la-ineos-ed-entrano-nello-staff-gallopin-e-lodewyck-nuovi-ds","status":"publish","type":"post","link":"https:\/\/www.europesays.com\/it\/142110\/","title":{"rendered":"Red Bull-Bora-hansgrohe, Zak Dempster e Oliver Cookson lasciano la Ineos ed entrano nello staff &#8211; Gallopin e Lodewyck nuovi DS"},"content":{"rendered":"<p>\t\t<img width=\"1200\" height=\"800\" src=\"https:\/\/www.europesays.com\/it\/wp-content\/uploads\/2025\/10\/Ammiraglia-Red-Bull-Bora-hansgrohe.jpg\" class=\"attachment-full size-full wp-post-image\" alt=\"\" data-main-img=\"1\" decoding=\"async\" fetchpriority=\"high\"  \/><\/p>\n<p>\t\t\t\t\t\t\t \u00a9 Joerg Mitter \/ Red Bull Content Pool<\/p>\n<p>\t\t\t\t\t<a href=\"https:\/\/cyclingpro.net\/spaziociclismo\/altro\/scopri-lapp-ufficiale-di-spaziociclismo\/\" title=\"\" rel=\"nofollow noopener\" target=\"_blank\"><br \/>\n\t\t\t\t\t\t<img loading=\"lazy\" decoding=\"async\" src=\"https:\/\/www.europesays.com\/it\/wp-content\/uploads\/2025\/09\/1758060682_662_Banner-App-SpazioCiclismo.png\" alt=\"\" width=\"728\" height=\"91\"\/><br \/>\n\t\t\t\t\t<\/a><\/p>\n<p>La <strong>Red Bull-Bora-hansgrohe<\/strong> rivoluziona lo staff in vista della prossima stagione. La formazione tedesca ha infatti annunciato diverse novit\u00e0 per quanto riguarda il gruppo dei propri collaboratori, la pi\u00f9 importante delle quali \u00e8 la nomina di<strong> Zak Dempster<\/strong> come supervisore dell\u2019intera divisione sportiva. Il 38enne australiano, che dal 2013 al 2016 aveva militato nella squadra come corridore, lascia quindi la Ineos Grenadiers dopo tre stagioni e lo stesso percorso viene compiuto anche da <strong>Oliver Cookson<\/strong>, che diventer\u00e0 il responsabile delle competizioni del team e guider\u00e0 il gruppo dei direttori sportivi, nel quale ci sono altres\u00ec dei cambiamenti.<\/p>\n<p>Si aggiungono infatti alla squadra in qualit\u00e0 di DS <strong>Tony Gallopin<\/strong>, proveniente dalla Lotto, e <strong>Klaas Lodewyck<\/strong>, che lascer\u00e0 la Soudal Quick-Step, come gi\u00e0 anticipato nelle scorse settimane riguardo al trasferimento di Remco Evenepoel. Oltre al neo arrivato <strong>Sven Vanthourenhout<\/strong>, confermati <strong>Shane Archbold<\/strong>, <strong>Roger Hammond<\/strong>, <strong>Enrico Poitschke<\/strong>, <strong>Christian P\u00f6mer<\/strong>, <strong>Patxi Villa<\/strong>, <strong>Cesare Benedetti<\/strong>, <strong>Gregor Gazvoda<\/strong> e\u00a0<strong>Pello Olaberria<\/strong>, con gli ultimi tre che si occuperanno delle due formazioni di sviluppo, quella U23 e quella juniores.<\/p>\n<p>Seguici<\/p>\n<p>\t\t\t\t\t\t\t\t\t\t<a href=\"https:\/\/news.google.com\/publications\/CAAqBwgKMNaVhQswhaiCAw?hl=it&amp;gl=IT&amp;ceid=IT%3Ait\" title=\"Google News\" target=\"_blank\" rel=\"nofollow noopener\" class=\"post-followus-btn google-new-btn\"><br \/>\n\t\t\t\t\t\t<img decoding=\"async\" src=\"https:\/\/cyclingpro.net\/spaziociclismo\/wp-content\/themes\/jannah\/assets\/images\/google-news.svg\" alt=\"Google News\" loading=\"lazy\" width=\"120\" height=\"22\"\/><br \/>\n\t\t\t\t\t<\/a><br \/>\n\t\t\t\t\t\t\t\t\t\t<a href=\"https:\/\/flipboard.com\/@SpazioCiclismo\" title=\"Flipboard\" target=\"_blank\" rel=\"nofollow noopener\" class=\"post-followus-btn flipboard-btn\"><br \/>\n\t\t\t\t\t\t<img decoding=\"async\" src=\"https:\/\/cyclingpro.net\/spaziociclismo\/wp-content\/themes\/jannah\/assets\/images\/flipboard.svg\" alt=\"Flipboard\" loading=\"lazy\" width=\"152\" height=\"30\"\/><br \/>\n\t\t\t\t\t<\/a><\/p>\n","protected":false},"excerpt":{"rendered":"\u00a9 Joerg Mitter \/ Red Bull Content Pool La Red Bull-Bora-hansgrohe rivoluziona lo staff in vista della prossima&hellip;\n","protected":false},"author":3,"featured_media":142111,"comment_status":"","ping_status":"","sticky":false,"template":"","format":"standard","meta":{"footnotes":""},"categories":[1456],"tags":[1824,1825,1537,90,89,35056,245,244],"class_list":{"0":"post-142110","1":"post","2":"type-post","3":"status-publish","4":"format-standard","5":"has-post-thumbnail","7":"category-ciclismo","8":"tag-ciclismo","9":"tag-cycling","10":"tag-it","11":"tag-italia","12":"tag-italy","13":"tag-red-bull-bora-hansgrohe-2026","14":"tag-sport","15":"tag-sports"},"share_on_mastodon":{"url":"","error":""},"_links":{"self":[{"href":"https:\/\/www.europesays.com\/it\/wp-json\/wp\/v2\/posts\/142110","targetHints":{"allow":["GET"]}}],"collection":[{"href":"https:\/\/www.europesays.com\/it\/wp-json\/wp\/v2\/posts"}],"about":[{"href":"https:\/\/www.europesays.com\/it\/wp-json\/wp\/v2\/types\/post"}],"author":[{"embeddable":true,"href":"https:\/\/www.europesays.com\/it\/wp-json\/wp\/v2\/users\/3"}],"replies":[{"embeddable":true,"href":"https:\/\/www.europesays.com\/it\/wp-json\/wp\/v2\/comments?post=142110"}],"version-history":[{"count":0,"href":"https:\/\/www.europesays.com\/it\/wp-json\/wp\/v2\/posts\/142110\/revisions"}],"wp:featuredmedia":[{"embeddable":true,"href":"https:\/\/www.europesays.com\/it\/wp-json\/wp\/v2\/media\/142111"}],"wp:attachment":[{"href":"https:\/\/www.europesays.com\/it\/wp-json\/wp\/v2\/media?parent=142110"}],"wp:term":[{"taxonomy":"category","embeddable":true,"href":"https:\/\/www.europesays.com\/it\/wp-json\/wp\/v2\/categories?post=142110"},{"taxonomy":"post_tag","embeddable":true,"href":"https:\/\/www.europesays.com\/it\/wp-json\/wp\/v2\/tags?post=142110"}],"curies":[{"name":"wp","href":"https:\/\/api.w.org\/{rel}","templated":true}]}}