{"id":142511,"date":"2025-10-01T23:44:17","date_gmt":"2025-10-01T23:44:17","guid":{"rendered":"https:\/\/www.europesays.com\/it\/142511\/"},"modified":"2025-10-01T23:44:17","modified_gmt":"2025-10-01T23:44:17","slug":"rimini-ventenne-costretta-a-un-matrimonio-forzato-in-bangladesh-e-drogata-per-restare-incinta-arrestati-i-genitori","status":"publish","type":"post","link":"https:\/\/www.europesays.com\/it\/142511\/","title":{"rendered":"Rimini, ventenne costretta a un matrimonio forzato in Bangladesh e drogata per restare incinta: arrestati i genitori"},"content":{"rendered":"<p class=\"has-dropcap\">Una ragazza di vent\u2019anni, residente a Rimini ma di origine bengalese, \u00e8 stata costretta a un matrimonio forzato e vittima di maltrattamenti legati al tentativo di imporle una gravidanza. A finire agli arresti domiciliari sono stati i suoi genitori, accusati di averla <strong>minacciata, costretta alle nozze con un uomo molto pi\u00f9 grande e obbligata ad assumere farmaci.<\/strong> La giovane oggi si trova al sicuro, in una struttura protetta.<\/p>\n<p>Aveva appena sei anni quando, dal Bangladesh, <strong>nel 2011, raggiunse con la madre il padre a Rimini, dove l\u2019uomo lavorava come cuoco<\/strong> dal 2008. Una famiglia apparentemente integrata, fino a quando, quindici anni dopo, la situazione \u00e8 precipitata. Secondo quanto ricostruito dagli inquirenti, a novembre 2024 <strong>i genitori avrebbero convinto la figlia a tornare in Bangladesh con la scusa di assistere un parente malato.<\/strong> Una volta arrivata nel Paese d\u2019origine, per\u00f2, sarebbe iniziato l\u2019incubo: la ragazza si sarebbe vista sottrarre documenti e carte di credito, e <strong>i genitori le avrebbero imposto un matrimonio con un ricco uomo molto pi\u00f9 grande<\/strong> di lei, di almeno vent\u2019anni. Le nozze si sono celebrate il 17 dicembre 2024.<\/p>\n<p>Le pressioni non si sarebbero fermate. La giovane, secondo le indagini, dopo il matrimonio forzato avrebbe dovuto affrontare un\u2019ulteriore forma di <a href=\"https:\/\/www.vanityfair.it\/topic\/violenza\" isautogenerated=\"true\" rel=\"nofollow noopener\" target=\"_blank\">violenza<\/a>: <strong>i genitori le avrebbero imposto l\u2019assunzione di calmanti e farmaci per favorire una gravidanza.<\/strong><\/p>\n<p>Proprio in quel periodo la ragazza avrebbe trovato la forza di ribellarsi. Prima dei rapporti con il marito avrebbe iniziato ad assumere anticoncezionali per evitare una gravidanza indesiderata e, contemporaneamente, <strong>era riuscita a contattare dall\u2019estero un consultorio di Rimini tramite una pagina Instagram<\/strong>. Da l\u00ec sarebbero partiti i contatti con i carabinieri italiani. Con grande astuzia, la ventenne sarebbe persino riuscita a convincere la madre a riportarla in Italia: \u00abSe torno a vivere l\u00ec sar\u00f2 pi\u00f9 tranquilla e rester\u00f2 incinta\u00bb, le avrebbe detto.<\/p>\n<p>La madre ha cos\u00ec accettato di accompagnarla. Ma <strong>quando le due donne sono arrivate all\u2019aeroporto Marconi di Bologna hanno trovato ad attenderle i militari dell\u2019Arma<\/strong>, gi\u00e0 allertati. <strong>La ragazza \u00e8 stata subito messa al sicuro in una localit\u00e0 protetta.<\/strong> La madre \u00e8 tornata a casa, dove poche settimane dopo \u00e8 rientrato anche il marito.<\/p>\n<p>Nel frattempo la Procura di Rimini ha avviato l\u2019inchiesta. I carabinieri, coordinati dal pm Davide Ercolani, hanno raccolto elementi a sostegno delle dichiarazioni della giovane, fino ad arrivare all\u2019arresto dei genitori. L\u2019accusa \u00e8 gravissima: <strong>induzione al matrimonio aggravata dai maltrattamenti, un reato introdotto dall\u2019articolo 158 bis<\/strong> del codice penale che punisce con \u00abla reclusione da uno a cinque anni chiunque con violenza o minaccia costringe una persona a contrarre matrimonio o unione civile\u00bb. L\u2019ordinanza di custodia cautelare emessa dal Gip di Rimini e notificata il 1\u00b0 ottobre rappresenta <strong>una delle prime applicazioni in Italia di questa norma.<\/strong><\/p>\n","protected":false},"excerpt":{"rendered":"Una ragazza di vent\u2019anni, residente a Rimini ma di origine bengalese, \u00e8 stata costretta a un matrimonio forzato&hellip;\n","protected":false},"author":3,"featured_media":142512,"comment_status":"","ping_status":"","sticky":false,"template":"","format":"standard","meta":{"footnotes":""},"categories":[6],"tags":[7511,14,8,1537,90,89,7,15,82,9,83,10,6123,13,11,80,84,12,81,85,6124],"class_list":{"0":"post-142511","1":"post","2":"type-post","3":"status-publish","4":"format-standard","5":"has-post-thumbnail","7":"category-ultime-notizie","8":"tag-attualita","9":"tag-cronaca","10":"tag-headlines","11":"tag-it","12":"tag-italia","13":"tag-italy","14":"tag-news","15":"tag-notizie","16":"tag-notizie-di-cronaca","17":"tag-notizie-principali","18":"tag-notiziedicronaca","19":"tag-notizieprincipali","20":"tag-textabovecenterfullbleed","21":"tag-titoli","22":"tag-ultime-notizie","23":"tag-ultime-notizie-di-cronaca","24":"tag-ultime-notizie-e-news-di-oggi","25":"tag-ultimenotizie","26":"tag-ultimenotiziedicronaca","27":"tag-ultimenotizieenewsdioggi","28":"tag-web"},"share_on_mastodon":{"url":"","error":""},"_links":{"self":[{"href":"https:\/\/www.europesays.com\/it\/wp-json\/wp\/v2\/posts\/142511","targetHints":{"allow":["GET"]}}],"collection":[{"href":"https:\/\/www.europesays.com\/it\/wp-json\/wp\/v2\/posts"}],"about":[{"href":"https:\/\/www.europesays.com\/it\/wp-json\/wp\/v2\/types\/post"}],"author":[{"embeddable":true,"href":"https:\/\/www.europesays.com\/it\/wp-json\/wp\/v2\/users\/3"}],"replies":[{"embeddable":true,"href":"https:\/\/www.europesays.com\/it\/wp-json\/wp\/v2\/comments?post=142511"}],"version-history":[{"count":0,"href":"https:\/\/www.europesays.com\/it\/wp-json\/wp\/v2\/posts\/142511\/revisions"}],"wp:featuredmedia":[{"embeddable":true,"href":"https:\/\/www.europesays.com\/it\/wp-json\/wp\/v2\/media\/142512"}],"wp:attachment":[{"href":"https:\/\/www.europesays.com\/it\/wp-json\/wp\/v2\/media?parent=142511"}],"wp:term":[{"taxonomy":"category","embeddable":true,"href":"https:\/\/www.europesays.com\/it\/wp-json\/wp\/v2\/categories?post=142511"},{"taxonomy":"post_tag","embeddable":true,"href":"https:\/\/www.europesays.com\/it\/wp-json\/wp\/v2\/tags?post=142511"}],"curies":[{"name":"wp","href":"https:\/\/api.w.org\/{rel}","templated":true}]}}