{"id":142531,"date":"2025-10-02T00:05:14","date_gmt":"2025-10-02T00:05:14","guid":{"rendered":"https:\/\/www.europesays.com\/it\/142531\/"},"modified":"2025-10-02T00:05:14","modified_gmt":"2025-10-02T00:05:14","slug":"lobesita-e-una-malattia-in-italia-la-prima-legge-al-mondo-i-medici-passo-storico-cosa-cambia","status":"publish","type":"post","link":"https:\/\/www.europesays.com\/it\/142531\/","title":{"rendered":"L&#8217;obesit\u00e0 \u00e8 una malattia, in Italia la prima legge al mondo. I medici: \u00abPasso storico\u00bb. Cosa cambia"},"content":{"rendered":"<p>&#13;<br \/>\n                               &#13;<br \/>\n                                                &#13;<br \/>\n                &#13;<\/p>\n<p><strong>L&#8217;obesit\u00e0 sar\u00e0 riconosciuta per legge come una malattia<\/strong>. Il Senato ha approvato il disegno di legge per prevenzione e cura, confermando il testo licenziato dalla Camera. Si \u00e8 votato per alzata di mano.<\/p>\n<p>&#13;<br \/>\n&#13;<\/p>\n<p>Il testo, di iniziativa parlamentare,<strong> prevede un programma nazionale per la prevenzione e la cura dell&#8217;obesit\u00e0<\/strong>,<strong> un piano di formazione per i medici e i pediatri e l&#8217;istituzione presso il Ministero della salute, dell&#8217;Osservatorio per lo studio dell&#8217;obesit\u00e0<\/strong>. La maggioranza ha votato a favore, le opposizioni si sono astenuta perch\u00e9 chiedeva maggiori risorse e l&#8217;obesit\u00e0\u00a0come tale rientrasse nei livelli essenziali di assistenza.\u00a0<\/p>\n<p>&#13;<br \/>\n&#13;<br \/>\nI medici: passo storico&#13;<br \/>\n&#13;<\/p>\n<p>La legge sull&#8217;obesit\u00e0, attesa da tempo, \u00abrappresenta un passo storico e un deciso passo avanti per la salute pubblica, considerata l&#8217;allarmante crescita dei numeri e delle complicanze dell&#8217;obesit\u00e0\u00a0in Italia e nel mondo\u00bb. Cos\u00ec la Societ\u00e0 italiana dell&#8217;obesit\u00e0 (Sio) in una nota.<\/p>\n<p>&#13;<br \/>\n&#13;<\/p>\n<p>La Societ\u00e0 italiana dell&#8217;obesit\u00e0\u00a0\u00e8 \u00abmolto felice per l&#8217;approvazione della legge Pella\u00bb, commenta Rocco Barazzoni, presidente Sio. <\/p>\n<p>Si tratta di \u00abun passaggio storico che conferma in maniera definitiva, per la prima volta al mondo, una legislazione specifica e sistematica dell&#8217;obesit\u00e0\u00a0come malattia, un punto di non ritorno e motivo di orgoglio per l&#8217;Italia. Siamo soddisfatti anche perch\u00e9 la nostra societ\u00e0 scientifica ha contribuito alla realizzazione di questo importante passo avanti\u00bb, evidenzia. Nel ringraziare l&#8217;onorevole Pella e tutti i parlamentari, Barazzoni osserva che \u00abci attende ancora molto lavoro per portare nella pratica clinica quotidiana e tra i pazienti la possibilit\u00e0 di accedere alla prevenzione e alle cure che sono centrali nella legge, ma ancora non sono disponibili per tutti i cittadini\u00bb.\u00a0&#13;<br \/>\n&#13;<br \/>\nCosa cambia con la legge&#13;<br \/>\n&#13;<\/p>\n<p>Una volta entrata in vigore, la legge garantir\u00e0 alle persone affette da obesit\u00e0 di accedere alle prestazioni previste nei Livelli essenziali di assistenza (Lea), erogati dal Servizio sanitario nazionale. La legge prevede infatti inoltre tutta una serie di <strong>finanziamenti che dovranno servire a coprire le spese<\/strong> <strong>per la prevenzione e il trattamento dell&#8217;obesit\u00e0<\/strong>, oltre a interventi di formazione per medici e professionisti sanitari che si occupano di questa condizione.<\/p>\n<p>                                &#13;<br \/>\n                &#13;<br \/>\n&#13;<br \/>\n                Ultimo aggiornamento: mercoled\u00ec 1 ottobre 2025, 17:03&#13;<br \/>\n                <br \/>&#13;<br \/>\n                &#13;<br \/>\n                  &#13;<br \/>\n                    &#13;<br \/>\n                        \u00a9 RIPRODUZIONE RISERVATA&#13;<\/p>\n<p>&#13;<\/p>\n<p>                    &#13;<\/p>\n","protected":false},"excerpt":{"rendered":"&#13; &#13; &#13; &#13; L&#8217;obesit\u00e0 sar\u00e0 riconosciuta per legge come una malattia. Il Senato ha approvato il disegno&hellip;\n","protected":false},"author":3,"featured_media":142532,"comment_status":"","ping_status":"","sticky":false,"template":"","format":"standard","meta":{"footnotes":""},"categories":[175],"tags":[239,1537,90,89,43528,240],"class_list":{"0":"post-142531","1":"post","2":"type-post","3":"status-publish","4":"format-standard","5":"has-post-thumbnail","7":"category-salute","8":"tag-health","9":"tag-it","10":"tag-italia","11":"tag-italy","12":"tag-obesita","13":"tag-salute"},"share_on_mastodon":{"url":"","error":""},"_links":{"self":[{"href":"https:\/\/www.europesays.com\/it\/wp-json\/wp\/v2\/posts\/142531","targetHints":{"allow":["GET"]}}],"collection":[{"href":"https:\/\/www.europesays.com\/it\/wp-json\/wp\/v2\/posts"}],"about":[{"href":"https:\/\/www.europesays.com\/it\/wp-json\/wp\/v2\/types\/post"}],"author":[{"embeddable":true,"href":"https:\/\/www.europesays.com\/it\/wp-json\/wp\/v2\/users\/3"}],"replies":[{"embeddable":true,"href":"https:\/\/www.europesays.com\/it\/wp-json\/wp\/v2\/comments?post=142531"}],"version-history":[{"count":0,"href":"https:\/\/www.europesays.com\/it\/wp-json\/wp\/v2\/posts\/142531\/revisions"}],"wp:featuredmedia":[{"embeddable":true,"href":"https:\/\/www.europesays.com\/it\/wp-json\/wp\/v2\/media\/142532"}],"wp:attachment":[{"href":"https:\/\/www.europesays.com\/it\/wp-json\/wp\/v2\/media?parent=142531"}],"wp:term":[{"taxonomy":"category","embeddable":true,"href":"https:\/\/www.europesays.com\/it\/wp-json\/wp\/v2\/categories?post=142531"},{"taxonomy":"post_tag","embeddable":true,"href":"https:\/\/www.europesays.com\/it\/wp-json\/wp\/v2\/tags?post=142531"}],"curies":[{"name":"wp","href":"https:\/\/api.w.org\/{rel}","templated":true}]}}