{"id":142609,"date":"2025-10-02T01:09:11","date_gmt":"2025-10-02T01:09:11","guid":{"rendered":"https:\/\/www.europesays.com\/it\/142609\/"},"modified":"2025-10-02T01:09:11","modified_gmt":"2025-10-02T01:09:11","slug":"via-libera-dal-senato-dal-2026-in-italia-ce-un-giorno-festivo-in-piu","status":"publish","type":"post","link":"https:\/\/www.europesays.com\/it\/142609\/","title":{"rendered":"Via libera dal Senato, dal 2026 in Italia c\u2019\u00e8 un giorno festivo in pi\u00f9"},"content":{"rendered":"<p>Via libera definitivo del Senato al provvedimento che stabilisce il 4 ottobre la festa nazionale di San Francesco, di cui nel 2026 ricorrer\u00e0 l&#8217;ottavo centenario della morte. Il voto in commissione Affari costituzionali in sede deliberante. &#8220;Accolgo con gioia e soddisfazione la notizia dell&#8217;approvazione in via definitiva in Senato della proposta di legge parlamentare che reintroduce dopo 50 anni come festa nazionale il 4 ottobre, giorno in cui si celebra San Francesco Patrono d&#8217;Italia&#8221;, dichiara la premier Giorgia Meloni, in una nota. &#8220;Il Governo &#8211; prosegue Meloni &#8211; ha appoggiato convintamente l&#8217;iter della proposta, che ha raccolto e fatto suo l&#8217;appello lanciato un anno fa da Davide Rondoni, poeta e presidente del Comitato nazionale per le celebrazioni per l&#8217;ottavo centenario della morte del Poverello d&#8217;Assisi.<strong> Il sostegno bipartisan e pressoch\u00e9 unanime alla proposta \u00e8 un segnale importante dell&#8217;unit\u00e0 che si ritrova in politica attorno a una delle figure pi\u00f9 rappresentative e distintive dell&#8217;identit\u00e0 nazionale<\/strong>. Un Santo amato da tutto il popolo italiano e in cui tutto il popolo italiano si riconosce. La Festa nazionale sar\u00e0 l&#8217;occasione per celebrare un uomo straordinario e ricordarci, ogni anno, chi siamo e cosa ci unisce nel profondo&#8221;.<\/p>\n<p>Con il provvedimento quindi viene introdotto <strong>un nuovo giorno festivo, il 4 ottobre, che si aggiunge ai dodici gi\u00e0 previsti oltre le domeniche<\/strong>, con l&#8217;applicazione del relativo orario nei luoghi di lavoro e il divieto di compiere determinati atti giuridici e la corresponsione di trattamenti retributivi aggiuntivi e di specifiche maggiorazioni dei compensi previsti per il lavoro svolto nelle festivit\u00e0.<\/p>\n<p><strong>Alcune categorie di dipendenti della Pa, come personale sanitario e forze dell\u2019ordine,<\/strong> beneficeranno di <strong>un beneficio in busta paga.<\/strong> Lo Stato si far\u00e0 carico di questi soldi. La proposta autorizza infatti la spesa di 10.684.044 euro annui a decorrere dal 2027, ci cui 8.793.880 destinati al comparto del Servizio sanitario nazionale aumentando, quindi, di tale cifra il fabbisogno nazionale standard cui concorre lo Stato a far data dal 2027. Infatti il riconoscimento del 4 ottobre quale festivit\u00e0 nazionale in onore di San Francesco d\u2019Assisi pu\u00f2 determinare nuovi o maggiori oneri a carico della finanza pubblica connessi alla spesa di personale dipendente dalle pubbliche amministrazioni, con particolare riferimento ai settori nei quali devono essere assicurati la continuit\u00e0 operativa e i servizi essenziali; in particolare, le categorie di personale interessate afferiscono ai comparti sicurezza, difesa e soccorso pubblico dello Stato nonch\u00e9 al comparto sanit\u00e0.<\/p>\n<p>La giornata del 4 ottobre \u00e8 attualmente considerata solennit\u00e0 civile ma la disciplina specifica per quel che concerne la sua celebrazione \u00e8 stata pi\u00f9 volte modificata negli anni. In particolare, la solennit\u00e0 civile del 4 ottobre in onore dei Santi Patroni speciali d\u2019Italia San Francesco d\u2019Assisi e Santa Caterina da Siena \u00e8 stata istituita dalla legge 132\/1958. Questa norma prevedeva originariamente l\u2019imbandieramento dei pubblici edifici e l\u2019orario ridotto nei pubblici uffici rinviando espressamente alla disciplina introdotta dalla legge 260\/1949 per le solennit\u00e0 civili dell\u201911 febbraio per anniversario della stipulazione del Trattato e del Concordato con la Santa Sede e del 28 settembre per anniversario della insurrezione popolare di Napoli. Si ricorda che San Francesco fu proclamato patrono d\u2019Italia da papa Pio XII insieme a Santa Caterina da Siena nel 1939.<\/p>\n<p>La legge 54 del 1977 ha poi rimosso per le solennit\u00e0 civili la riduzione dell\u2019orario di lavoro negli uffici pubblici. La norma ha, inoltre, precisato che queste riduzioni sono vietate salvo autorizzazioni disposte dalla legge. La legge 24\/2005 ha infine stabilito che il 4 ottobre vada considerata, oltre che solennit\u00e0 civile, anche come giornata della pace, della fraternit\u00e0 e del dialogo tra appartenenti a culture e religioni diverse. Si \u00e8 previsto poi che in tale occasione vengano organizzate cerimonie, iniziative, incontri, in particolare nelle scuole di ogni ordine e grado, dedicati a questi valori e di cui i <strong>Santi Francesco d\u2019Assisi<\/strong> e <strong>Caterina da Siena<\/strong> sono espressione.<\/p>\n","protected":false},"excerpt":{"rendered":"Via libera definitivo del Senato al provvedimento che stabilisce il 4 ottobre la festa nazionale di San Francesco,&hellip;\n","protected":false},"author":3,"featured_media":142610,"comment_status":"","ping_status":"","sticky":false,"template":"","format":"standard","meta":{"footnotes":""},"categories":[1481],"tags":[2065,2066,239,2063,2064,1537,90,89,240],"class_list":{"0":"post-142609","1":"post","2":"type-post","3":"status-publish","4":"format-standard","5":"has-post-thumbnail","7":"category-assistenza-sanitaria","8":"tag-assistenza-sanitaria","9":"tag-assistenzasanitaria","10":"tag-health","11":"tag-health-care","12":"tag-healthcare","13":"tag-it","14":"tag-italia","15":"tag-italy","16":"tag-salute"},"share_on_mastodon":{"url":"","error":""},"_links":{"self":[{"href":"https:\/\/www.europesays.com\/it\/wp-json\/wp\/v2\/posts\/142609","targetHints":{"allow":["GET"]}}],"collection":[{"href":"https:\/\/www.europesays.com\/it\/wp-json\/wp\/v2\/posts"}],"about":[{"href":"https:\/\/www.europesays.com\/it\/wp-json\/wp\/v2\/types\/post"}],"author":[{"embeddable":true,"href":"https:\/\/www.europesays.com\/it\/wp-json\/wp\/v2\/users\/3"}],"replies":[{"embeddable":true,"href":"https:\/\/www.europesays.com\/it\/wp-json\/wp\/v2\/comments?post=142609"}],"version-history":[{"count":0,"href":"https:\/\/www.europesays.com\/it\/wp-json\/wp\/v2\/posts\/142609\/revisions"}],"wp:featuredmedia":[{"embeddable":true,"href":"https:\/\/www.europesays.com\/it\/wp-json\/wp\/v2\/media\/142610"}],"wp:attachment":[{"href":"https:\/\/www.europesays.com\/it\/wp-json\/wp\/v2\/media?parent=142609"}],"wp:term":[{"taxonomy":"category","embeddable":true,"href":"https:\/\/www.europesays.com\/it\/wp-json\/wp\/v2\/categories?post=142609"},{"taxonomy":"post_tag","embeddable":true,"href":"https:\/\/www.europesays.com\/it\/wp-json\/wp\/v2\/tags?post=142609"}],"curies":[{"name":"wp","href":"https:\/\/api.w.org\/{rel}","templated":true}]}}