{"id":142621,"date":"2025-10-02T01:20:14","date_gmt":"2025-10-02T01:20:14","guid":{"rendered":"https:\/\/www.europesays.com\/it\/142621\/"},"modified":"2025-10-02T01:20:14","modified_gmt":"2025-10-02T01:20:14","slug":"deva-cassel-e-la-nuova-frangia-cortissima-alla-sfilata-di-dior","status":"publish","type":"post","link":"https:\/\/www.europesays.com\/it\/142621\/","title":{"rendered":"Deva Cassel e la nuova frangia cortissima alla sfilata di Dior"},"content":{"rendered":"<p data-journey-content=\"true\" data-node-id=\"1\" class=\"css-6wxqfj emevuu60\">Non ci sono dubbi: durante la sfilata parigina di Dior che si \u00e8 da poco conclusa, gli occhi erano tutti per la<strong data-node-id=\"1.1\"> nuova frangia corta e pari di Deva Cassel, <\/strong>un elemento che la rende ancora pi\u00f9 simile a mamma <strong data-node-id=\"1.3\">Monica Bellucci<\/strong><strong data-node-id=\"1.4\"\/>.  <\/p>\n<p><img draggable=\"true\" alt=\"street style paris fashion week womenswear spring summer 2026 day three\" title=\"Street Style - Paris Fashion Week - Womenswear Spring Summer 2026 - Day Three\" loading=\"lazy\" width=\"5504\" height=\"8256\" decoding=\"async\" data-nimg=\"1\" style=\"color:transparent;width:100%;height:auto;\"   src=\"https:\/\/www.europesays.com\/it\/wp-content\/uploads\/2025\/10\/deva-cassel-wears-navy-sweater-with-drape-detail-in-the-news-photo-1759327207.pjpeg\" class=\"css-0 e1g79fud0\"\/><a target=\"_blank\" rel=\"noopener nofollow\" data-theme-key=\"base-link\" href=\"https:\/\/pinterest.com\/pin\/create\/button\/?url=https:\/\/www.elle.com\/it\/bellezza-beauty\/capelli\/a68151042\/deva-cassel-nuova-frangia-cortissima\/&amp;description=elleitalia&amp;media=https:\/\/hips.hearstapps.com\/hmg-prod\/images\/deva-cassel-wears-navy-sweater-with-drape-detail-in-the-news-photo-1759327207.pjpeg?resize=1600:*\" class=\"pinterest css-on9hn5 e1c1bym14\"><img decoding=\"async\" data-dynamic-svg=\"true\" src=\"https:\/\/www.elle.com\/_assets\/design-tokens\/fre\/static\/icons\/social\/pinterest.e8cf655.svg?primary=%2523ffffff\" loading=\"lazy\" data-testid=\"dynamic-svg-base\" height=\"auto\" width=\"auto\" alt=\"pinterest\" class=\"css-4lml0h e1mlxuuw1\"\/><\/a><\/p>\n<p>Claudio Lavenia\/\/Getty Images<\/p>\n<p data-journey-content=\"true\" data-node-id=\"6\" class=\"css-6wxqfj emevuu60\">Che la frangia sia una tentazione costante \u00e8 cosa nota, specialmente durante i cambi di stagione che stuzzicano la voglia di novit\u00e0. Eppure in questo caso c&#8217;\u00e8 un twist: la frangia della<strong data-node-id=\"6.1\"> fidanzata di <a href=\"https:\/\/www.elle.com\/it\/showbiz\/cinema\/a65937577\/saul-nanni-venezia-2025\/\" target=\"_blank\" data-vars-ga-outbound-link=\"https:\/\/www.elle.com\/it\/showbiz\/cinema\/a65937577\/saul-nanni-venezia-2025\/\" data-vars-ga-ux-element=\"Hyperlink\" data-vars-ga-call-to-action=\"Saul Nanni\" data-node-id=\"6.1.1\" class=\"body-link css-103hk4r emevuu60\" rel=\"nofollow noopener\">Saul Nanni<\/a><\/strong> potrebbe essere stata creata attraverso la maestria di una pettinatura che porta le lunghezze sulla fronte e le fissa con un raccolto, cos\u00ec come si vede nelle foto in primo piano. <\/p>\n<p><img draggable=\"true\" alt=\"christian dior: outside arrivals paris fashion week womenswear spring\/summer 2026\" title=\"Christian Dior: Outside Arrivals - Paris Fashion Week - Womenswear Spring\/Summer 2026\" loading=\"lazy\" width=\"4000\" height=\"6000\" decoding=\"async\" data-nimg=\"1\" style=\"color:transparent;width:100%;height:auto;\"   src=\"https:\/\/www.europesays.com\/it\/wp-content\/uploads\/2025\/10\/deva-cassel-attends-the-christian-dior-womenswear-spring-news-photo-1759327755.pjpeg\" class=\"css-0 e1g79fud0\"\/><a target=\"_blank\" rel=\"noopener nofollow\" data-theme-key=\"base-link\" href=\"https:\/\/pinterest.com\/pin\/create\/button\/?url=https:\/\/www.elle.com\/it\/bellezza-beauty\/capelli\/a68151042\/deva-cassel-nuova-frangia-cortissima\/&amp;description=elleitalia&amp;media=https:\/\/hips.hearstapps.com\/hmg-prod\/images\/deva-cassel-attends-the-christian-dior-womenswear-spring-news-photo-1759327755.pjpeg?resize=1600:*\" class=\"pinterest css-on9hn5 e1c1bym14\"><img decoding=\"async\" data-dynamic-svg=\"true\" src=\"https:\/\/www.elle.com\/_assets\/design-tokens\/fre\/static\/icons\/social\/pinterest.e8cf655.svg?primary=%2523ffffff\" loading=\"lazy\" data-testid=\"dynamic-svg-base\" height=\"auto\" width=\"auto\" alt=\"pinterest\" class=\"css-4lml0h e1mlxuuw1\"\/><\/a><\/p>\n<p>Jacopo Raule\/\/Getty Images<\/p>\n<p data-journey-content=\"true\" data-node-id=\"12\" class=\"css-6wxqfj emevuu60\">Un guizzo creativo che conferma quanto Deva Cassel sappia sperimentare con ogni dettaglio del proprio look. Le lunghezze anteriori, piuttosto estese, sono state portate in avanti e modellate con sapiente equilibrio di gel e lacca, in modo da scolpire le ciocche e mantenerle ferme, trasformandole in un\u2019illusione perfetta.<\/p>\n<p><img draggable=\"true\" alt=\"street style paris fashion week womenswear spring summer 2026 day three\" title=\"Street Style - Paris Fashion Week - Womenswear Spring Summer 2026 - Day Three\" loading=\"lazy\" width=\"5504\" height=\"8256\" decoding=\"async\" data-nimg=\"1\" style=\"color:transparent;width:100%;height:auto;\"   src=\"https:\/\/www.europesays.com\/it\/wp-content\/uploads\/2025\/10\/deva-cassel-wears-navy-sweater-with-drape-detail-in-the-news-photo-1759327643.pjpeg\" class=\"css-0 e1g79fud0\"\/><a target=\"_blank\" rel=\"noopener nofollow\" data-theme-key=\"base-link\" href=\"https:\/\/pinterest.com\/pin\/create\/button\/?url=https:\/\/www.elle.com\/it\/bellezza-beauty\/capelli\/a68151042\/deva-cassel-nuova-frangia-cortissima\/&amp;description=elleitalia&amp;media=https:\/\/hips.hearstapps.com\/hmg-prod\/images\/deva-cassel-wears-navy-sweater-with-drape-detail-in-the-news-photo-1759327643.pjpeg?resize=1600:*\" class=\"pinterest css-on9hn5 e1c1bym14\"><img decoding=\"async\" data-dynamic-svg=\"true\" src=\"https:\/\/www.elle.com\/_assets\/design-tokens\/fre\/static\/icons\/social\/pinterest.e8cf655.svg?primary=%2523ffffff\" loading=\"lazy\" data-testid=\"dynamic-svg-base\" height=\"auto\" width=\"auto\" alt=\"pinterest\" class=\"css-4lml0h e1mlxuuw1\"\/><\/a><\/p>\n<p>Claudio Lavenia\/\/Getty Images<\/p>\n<p data-journey-content=\"true\" data-node-id=\"15\" class=\"css-6wxqfj emevuu60\">Non \u00e8 per\u00f2 la prima volta che la giovane musa Dior esplora questo elemento di stile. La ricordiamo infatti lo scorso inverno quando, sempre da Dior, aveva sedotto con una <strong data-node-id=\"15.1\">frangia laterale dall\u2019effetto wet<\/strong>, lucida e disciplinata, accompagnata da una ponytail alta. Qualche mese pi\u00f9 tardi ha invece scelto la via della morbidezza con una<a href=\"https:\/\/www.elle.com\/it\/bellezza-beauty\/capelli\/a46499666\/tendenze-capelli-inverno-2024-frangia-lunga-deva-cassel\/\" target=\"_blank\" data-vars-ga-outbound-link=\"https:\/\/www.elle.com\/it\/bellezza-beauty\/capelli\/a46499666\/tendenze-capelli-inverno-2024-frangia-lunga-deva-cassel\/\" data-vars-ga-ux-element=\"Hyperlink\" data-vars-ga-call-to-action=\" frangia a tendina scalata, romantica e disinvolta\" data-node-id=\"15.3\" class=\"body-link css-103hk4r emevuu60\" rel=\"nofollow noopener\"> <strong data-node-id=\"15.3.1\">frangia a tendina scalata<\/strong>, romantica e disinvolta<\/a>, che incorniciava il viso con un&#8217;allure d&#8217;altri tempi.<\/p>\n<p>Leggi anche&#8230;<\/p>\n<p data-journey-content=\"true\" data-node-id=\"18\" class=\"css-6wxqfj emevuu60\">Quella vista di recente, costruita ad arte con le lunghezze, \u00e8 un\u2019ispirazione preziosa per chi desidera <strong data-node-id=\"18.1\">sperimentare senza rinunciare alla propria chioma <\/strong>ma mettiamo in chiaro <strong data-node-id=\"18.3\"\/>che per ottenere un effetto credibile e resistente, serve infatti la mano esperta di un parrucchiere. Un invito a osare, affidandosi per\u00f2 alla professionalit\u00e0 di chi conosce il linguaggio invisibile dello styling.<\/p>\n<p> I prodotti per lo styling della frangia cortissima<\/p>\n<p>Franck Provost Pettine con manico<\/p>\n<p><a target=\"_blank\" rel=\"nofollow noopener\" data-theme-key=\"product-image-wrapper\" href=\"https:\/\/www.amazon.it\/dp\/B017VYLKM4?tag=a-elle-21\" aria-label=\"3\u00a0\u20ac su Amazon per Pettine con manico\" data-href=\"https:\/\/www.amazon.it\/dp\/B017VYLKM4\" data-product-url=\"https:\/\/www.amazon.it\/dp\/B017VYLKM4\" data-affiliate=\"true\" data-affiliate-url=\"https:\/\/www.amazon.it\/dp\/B017VYLKM4?tag=a-elle-21\" data-affiliate-network=\"{&quot;site_id&quot;:&quot;315b2bba-c4a8-446d-9237-6e6750390ee7&quot;,&quot;metadata&quot;:{&quot;links&quot;:{&quot;default&quot;:&quot;https:\/\/www.amazon.it\/dp\/B017VYLKM4?tag=a-elle-21&quot;}},&quot;network&quot;:{&quot;name&quot;:&quot;Amazon&quot;},&quot;product_metadata&quot;:null,&quot;afflink_redirect&quot;:&quot;\/_p\/afflink\/yKGR\/amazon-franck-provost-pettine-con&quot;}\" data-vars-ga-call-to-action=\"3\u00a0\u20ac su Amazon\" data-vars-ga-media-role=\"\" data-vars-ga-media-type=\"Single Product Embed\" data-vars-ga-outbound-link=\"https:\/\/www.amazon.it\/dp\/B017VYLKM4\" data-vars-ga-product-brand=\"Franck Provost\" data-vars-ga-product-id=\"3ec9fa2a-d5a1-4d89-ace7-8e694b114001\" data-vars-ga-product-price=\"2,80\u00a0\u20ac\" data-vars-ga-product-retailer-id=\"973223d8-bb2e-4f45-afe8-0858f5983907\" data-vars-ga-product-sem3-brand=\"Franck Provost\" data-vars-ga-product-sem3-category=\"Pettini per styling\" data-vars-ga-link-treatment=\"(not set) | (not set)\" data-vars-ga-sku=\"B017VYLKM4\" data-vars-ga-magento-tracking=\"1\" class=\"product-image-link ebgq4gw2 e1b8bpvs0 css-g6od0w e1c1bym14\"><img  alt=\"Pettine con manico\" title=\"Pettine con manico\" src=\"https:\/\/www.europesays.com\/it\/wp-content\/uploads\/2025\/10\/1715070742-51pkEqteirL.jpg\" width=\"2560\" height=\"2560\" decoding=\"async\" loading=\"lazy\"\/><\/a><\/p>\n<p>American Crew Cera a forte tenuta<\/p>\n<p><a target=\"_blank\" rel=\"nofollow noopener\" data-theme-key=\"product-image-wrapper\" href=\"https:\/\/www.amazon.it\/dp\/B0007CXWC4?tag=a-elle-21\" aria-label=\"11\u00a0\u20ac su Amazon per Cera a forte tenuta\" data-href=\"https:\/\/www.amazon.it\/dp\/B0007CXWC4\" data-product-url=\"https:\/\/www.amazon.it\/dp\/B0007CXWC4\" data-affiliate=\"true\" data-affiliate-url=\"https:\/\/www.amazon.it\/dp\/B0007CXWC4?tag=a-elle-21\" data-affiliate-network=\"{&quot;site_id&quot;:&quot;315b2bba-c4a8-446d-9237-6e6750390ee7&quot;,&quot;metadata&quot;:{&quot;links&quot;:{&quot;default&quot;:&quot;https:\/\/www.amazon.it\/dp\/B0007CXWC4?tag=a-elle-21&quot;}},&quot;network&quot;:{&quot;name&quot;:&quot;Amazon&quot;},&quot;product_metadata&quot;:null,&quot;afflink_redirect&quot;:&quot;\/_p\/afflink\/yKGZ\/amazon-american-crew-fiber-3-oz&quot;}\" data-vars-ga-call-to-action=\"11\u00a0\u20ac su Amazon\" data-vars-ga-media-role=\"\" data-vars-ga-media-type=\"Single Product Embed\" data-vars-ga-outbound-link=\"https:\/\/www.amazon.it\/dp\/B0007CXWC4\" data-vars-ga-product-brand=\"American Crew\" data-vars-ga-product-id=\"a293c219-bb4e-44b8-81d7-f6f0932759d1\" data-vars-ga-product-price=\"11,00\u00a0\u20ac\" data-vars-ga-product-retailer-id=\"5b2634d5-f30b-4fe1-a858-a265884366c2\" data-vars-ga-product-sem3-brand=\"American Crew\" data-vars-ga-product-sem3-category=\"Gels\" data-vars-ga-link-treatment=\"sale | (not set)\" data-vars-ga-sku=\"B0007CXWC4\" data-vars-ga-magento-tracking=\"1\" class=\"product-image-link ebgq4gw2 e1b8bpvs0 css-g6od0w e1c1bym14\"><img  alt=\"Cera a forte tenuta\" title=\"Cera a forte tenuta\" src=\"https:\/\/www.europesays.com\/it\/wp-content\/uploads\/2025\/10\/1728342080-41WoyVnxOS._SL500_.jpg\" width=\"375\" height=\"500\" decoding=\"async\" loading=\"lazy\"\/><\/a><\/p>\n<p>Moroccanoil Spray anti crespo<\/p>\n<p><a target=\"_blank\" rel=\"nofollow noopener\" data-theme-key=\"product-image-wrapper\" href=\"https:\/\/www.amazon.it\/dp\/B0CCK2Y4VB?tag=a-elle-21\" aria-label=\"15\u00a0\u20ac su Amazon per Spray anti crespo\" data-href=\"https:\/\/www.amazon.it\/dp\/B0CCK2Y4VB\" data-product-url=\"https:\/\/www.amazon.it\/dp\/B0CCK2Y4VB\" data-affiliate=\"true\" data-affiliate-url=\"https:\/\/www.amazon.it\/dp\/B0CCK2Y4VB?tag=a-elle-21\" data-affiliate-network=\"{&quot;site_id&quot;:&quot;315b2bba-c4a8-446d-9237-6e6750390ee7&quot;,&quot;metadata&quot;:{&quot;links&quot;:{&quot;default&quot;:&quot;https:\/\/www.amazon.it\/dp\/B0CCK2Y4VB?tag=a-elle-21&quot;}},&quot;network&quot;:{&quot;name&quot;:&quot;Amazon&quot;},&quot;product_metadata&quot;:null,&quot;afflink_redirect&quot;:&quot;\/_p\/afflink\/yKIK\/amazon-moroccanoil-frizz-shield-styling-spray&quot;}\" data-vars-ga-call-to-action=\"15\u00a0\u20ac su Amazon\" data-vars-ga-media-role=\"\" data-vars-ga-media-type=\"Single Product Embed\" data-vars-ga-outbound-link=\"https:\/\/www.amazon.it\/dp\/B0CCK2Y4VB\" data-vars-ga-product-brand=\"Moroccanoil\" data-vars-ga-product-id=\"a87cf20e-1e0a-450f-867d-15fe5ec39566\" data-vars-ga-product-price=\"15,00\u00a0\u20ac\" data-vars-ga-product-retailer-id=\"05a064dc-5447-4a3a-8da7-8ac6cc5ab1c5\" data-vars-ga-product-sem3-brand=\"Moroccanoil\" data-vars-ga-product-sem3-category=\"Lacche e spray per capelli\" data-vars-ga-link-treatment=\"(not set) | (not set)\" data-vars-ga-sku=\"B0CCK2Y4VB\" data-vars-ga-magento-tracking=\"1\" class=\"product-image-link ebgq4gw2 e1b8bpvs0 css-g6od0w e1c1bym14\"><img  alt=\"Spray anti crespo\" title=\"Spray anti crespo\" src=\"https:\/\/www.europesays.com\/it\/wp-content\/uploads\/2025\/10\/1712224801-51PgxbroQNL.jpg\" width=\"2000\" height=\"2000\" decoding=\"async\" loading=\"lazy\"\/><\/a><\/p>\n","protected":false},"excerpt":{"rendered":"Non ci sono dubbi: durante la sfilata parigina di Dior che si \u00e8 da poco conclusa, gli occhi&hellip;\n","protected":false},"author":3,"featured_media":142622,"comment_status":"","ping_status":"","sticky":false,"template":"","format":"standard","meta":{"footnotes":""},"categories":[1451],"tags":[3055,1621,1620,203,204,1537,90,89,90030,90031,1780],"class_list":{"0":"post-142621","1":"post","2":"type-post","3":"status-publish","4":"format-standard","5":"has-post-thumbnail","7":"category-celebrita","8":"tag-capelli","9":"tag-celebrita","10":"tag-celebrities","11":"tag-entertainment","12":"tag-intrattenimento","13":"tag-it","14":"tag-italia","15":"tag-italy","16":"tag-taglio-capelli","17":"tag-taglio-con-frangia","18":"tag-traffico"},"share_on_mastodon":{"url":"","error":""},"_links":{"self":[{"href":"https:\/\/www.europesays.com\/it\/wp-json\/wp\/v2\/posts\/142621","targetHints":{"allow":["GET"]}}],"collection":[{"href":"https:\/\/www.europesays.com\/it\/wp-json\/wp\/v2\/posts"}],"about":[{"href":"https:\/\/www.europesays.com\/it\/wp-json\/wp\/v2\/types\/post"}],"author":[{"embeddable":true,"href":"https:\/\/www.europesays.com\/it\/wp-json\/wp\/v2\/users\/3"}],"replies":[{"embeddable":true,"href":"https:\/\/www.europesays.com\/it\/wp-json\/wp\/v2\/comments?post=142621"}],"version-history":[{"count":0,"href":"https:\/\/www.europesays.com\/it\/wp-json\/wp\/v2\/posts\/142621\/revisions"}],"wp:featuredmedia":[{"embeddable":true,"href":"https:\/\/www.europesays.com\/it\/wp-json\/wp\/v2\/media\/142622"}],"wp:attachment":[{"href":"https:\/\/www.europesays.com\/it\/wp-json\/wp\/v2\/media?parent=142621"}],"wp:term":[{"taxonomy":"category","embeddable":true,"href":"https:\/\/www.europesays.com\/it\/wp-json\/wp\/v2\/categories?post=142621"},{"taxonomy":"post_tag","embeddable":true,"href":"https:\/\/www.europesays.com\/it\/wp-json\/wp\/v2\/tags?post=142621"}],"curies":[{"name":"wp","href":"https:\/\/api.w.org\/{rel}","templated":true}]}}