{"id":143008,"date":"2025-10-02T07:01:16","date_gmt":"2025-10-02T07:01:16","guid":{"rendered":"https:\/\/www.europesays.com\/it\/143008\/"},"modified":"2025-10-02T07:01:16","modified_gmt":"2025-10-02T07:01:16","slug":"marocco-migliaia-in-piazza-nelle-piu-grandi-proteste-degli-ultimi-anni","status":"publish","type":"post","link":"https:\/\/www.europesays.com\/it\/143008\/","title":{"rendered":"Marocco. Migliaia in piazza nelle pi\u00f9 grandi proteste degli ultimi anni"},"content":{"rendered":"<p><a href=\"https:\/\/assets.contropiano.org\/img\/2025\/10\/Marocco-proteste.png\" title=\"Ingrandisci la foto Marocco. Migliaia in piazza nelle pi\u00f9 grandi proteste degli ultimi anni\" rel=\"nofollow noopener\" target=\"_blank\"><img loading=\"lazy\" width=\"705\" height=\"300\" src=\"https:\/\/www.europesays.com\/it\/wp-content\/uploads\/2025\/10\/Marocco-proteste-705x300.png\" alt=\"\" decoding=\"async\"\/><\/a>           <\/p>\n<p>Durante il fine settimana, le manifestazioni hanno attraversato\u00a0<a href=\"https:\/\/www.newarab.com\/news\/moroccans-protest-clash-police-over-social-injustices?amp\" rel=\"nofollow noopener\" target=\"_blank\">11 citt\u00e0 del Marocco<\/a>, con migliaia di persone che hanno protestato contro la corruzione e le politiche di spesa del governo. Il governo \u00e8 stato criticato per aver dato priorit\u00e0 agli eventi sportivi internazionali rispetto ai servizi pubblici di base, tra cui l\u2019assistenza sanitaria, l\u2019istruzione e l\u2019occupazione.<\/p>\n<p><b>Cosa rende queste proteste diverse dalle precedenti?<\/b><\/p>\n<p>Sebbene le proteste antigovernative che chiedono riforme siano aumentate nella nazione del Maghreb negli ultimi mesi, le attuali manifestazioni sono caratterizzate dalla partecipazione di gruppi che rappresentano un ampio spettro di background sociali e politici e di diverse et\u00e0.<\/p>\n<p>Le voci degli studenti si sono mescolate a quelle dei sindacalisti e delle famiglie, formando una scena di protesta olistica e riflettendo uno spirito unificante. Ci\u00f2 a sua volta conferma che le preoccupazioni quotidiane per la giustizia sociale non sono limitate a un singolo gruppo, ma sono piuttosto una richiesta popolare. Tuttavia, si ritiene che i giovani organizzatori \u201csenza leader\u201d che si fanno chiamare\u00a0<a href=\"https:\/\/azat.tv\/en\/morocco-gen-z-demands-justice-protests-shake-nation\/\" rel=\"nofollow noopener\" target=\"_blank\">Gen Z 212<\/a>, abbiano\u00a0<a href=\"https:\/\/chamaly.ma\/2025\/09\/29\/who-are-the-gen-z-youth-leading-the-new-wave-of-protests-in-morocco\/\" rel=\"nofollow noopener\" target=\"_blank\">organizzato le proteste a livello nazionale tramite i<\/a>\u00a0social network.<\/p>\n<p><b>Chi sono i<\/b>\u00a0<b>Gen Z 212<\/b><b>?<\/b><\/p>\n<p>Gli osservatori suggeriscono che i manifestanti affiliati al movimento\u00a0Gen Z 212, dalla forma poco chiara, siano giovani attivisti strettamente legati al mondo digitale e ai social network, che alla fine hanno deciso di convertire il loro attivismo online in manifestazioni di piazza. Secondo i\u00a0<a href=\"https:\/\/biz.chosun.com\/en\/en-international\/2025\/09\/29\/WQKC73MRJNGHVGMNYC5ZTCVXEM\/\" rel=\"nofollow noopener\" target=\"_blank\">resoconti<\/a>\u00a0dei media disponibili, la\u00a0Gen Z 212\u00a0\u00e8 un nuovo movimento giovanile, la cui nascita ha coinciso con le proteste antigovernative in tutto il Marocco negli ultimi due giorni.<\/p>\n<p>Le informazioni preliminari indicano che i membri della\u00a0Gen Z 212\u00a0non aderiscono a un determinato partito politico o ideologia e che il\u00a0<a href=\"https:\/\/arabi21.com\/story\/1709970\/%D9%85%D9%86-%D8%AE%D9%84%D9%81-%D8%A7%D9%84%D8%B4%D8%A7%D8%B4%D8%A9-%D8%A5%D9%84%D9%89-%D8%A7%D9%84%D8%B4%D8%A7%D8%B1%D8%B9-%D9%87%D9%83%D8%B0%D8%A7-%D9%81%D8%B1%D8%B6-%D8%AC%D9%8A%D9%84-Z-%D8%A7%D9%84%D9%85%D8%BA%D8%B1%D8%A8%D9%8A-%D9%86%D9%81%D8%B3%D9%87-%D9%85%D8%B7%D8%A7%D9%84%D8%A8%D8%A7-%D8%A8%D8%A7%D9%84%D8%A5%D8%B5%D9%84%D8%A7%D8%AD-%D8%B4%D8%A7%D9%87%D8%AF\" rel=\"nofollow noopener\" target=\"_blank\">loro movimento \u00e8 stato plasmato<\/a>\u00a0all\u2019interno di sale di discussione online virtuali su reti di social media tra cui\u00a0Discord,\u00a0Instagram\u00a0e\u00a0Tiktok. Nel frattempo, si pensa che l\u2019acronimo\u00a0Gen Z\u00a0sia\u00a0<a href=\"https:\/\/chamaly.ma\/2025\/09\/29\/who-are-the-gen-z-youth-leading-the-new-wave-of-protests-in-morocco\/\" rel=\"nofollow noopener\" target=\"_blank\">una connotazione della Generazione Z<\/a>, persone nate tra la fine degli anni \u201990 e gli anni 2000 e che fanno molto affidamento sul mondo digitale per esprimere i propri pensieri e opinioni.<\/p>\n<p>Il sito web di notizie locali\u00a0Aldar\u00a0ha descritto la\u00a0Gen Z 212\u00a0come un movimento che non chiede le sue richieste di giustizia sociale al di l\u00e0 delle costanti nazionali, mentre dichiara esplicitamente il suo impegno a rispettare l\u2019istituzione reale sotto la guida del re Mohammad VI e a mantenere l\u2019unit\u00e0 territoriale marocchina.<\/p>\n<p>Questo, a sua volta, potrebbe aver dato al movimento una certa legittimit\u00e0 speciale nei confronti del regime, distinguendolo dai precedenti tentativi dei giovani di esprimere la propria opinione, che spesso si scontravano con la norma politica e istituzionale del paese. Ciononostante, circa\u00a0<a href=\"https:\/\/www.aljazeera.com\/news\/2025\/9\/29\/gen-z-protesters-rally-across-morocco-demanding-health-education-reforms\" rel=\"nofollow noopener\" target=\"_blank\">200 manifestanti<\/a>\u00a0sono stati arrestati dalle autorit\u00e0 marocchine durante il fine settimana.<\/p>\n<p><b>Cosa ha scatenato le proteste del fine settimana?<\/b><\/p>\n<p>Gli analisti affermano che l\u2019attuale rivolta sembra essere una sorta di continuazione delle precedenti mobilitazioni contro le politiche governative che per anni hanno ulteriormente approfondito le disuguaglianze nel paese, indebolendo la fiducia dei cittadini marocchini nelle promesse di riforma del governo.<\/p>\n<p>Per anni, i marocchini hanno espresso indignazione per il continuo deterioramento delle condizioni di vita, i prezzi elevati, la crisi dell\u2019istruzione pubblica e un sentimento generale di declino della giustizia sociale, che bloccano il loro orizzonte per un futuro migliore.<\/p>\n<p><b>Costruzione degli stadi della Coppa del Mondo FIFA 2030, uno dei principali fattori scatenanti delle proteste<\/b><\/p>\n<p>Sebbene l\u2019indisponibilit\u00e0 e la scarsa qualit\u00e0 dei servizi pubblici fondamentali sia stata una costante nell\u2019ultimo decennio, con un recente notevole aumento dei tassi di disoccupazione e dei prezzi, l\u2019elevata spesa che il governo ha stanziato per\u00a0<a href=\"https:\/\/www.itv.com\/news\/2025-09-29\/young-moroccans-clash-with-police-over-international-sport-investment\" rel=\"nofollow noopener\" target=\"_blank\">la costruzione degli stadi per la Coppa del Mondo FIFA 2030<\/a>\u00a0\u00e8 diventata la goccia che ha fatto traboccare il vaso.<\/p>\n<p>Il governo sta costruendo almeno tre nuovi stadi, mentre ne sta rinnovando o ampliando molti altri per ospitare l\u2019evento nel 2030 e la Coppa d\u2019Africa entro la fine dell\u2019anno.<\/p>\n<p><b>\u201cGli stadi sono qui, ma dove sono gli ospedali?\u201d Dite i manifestanti<\/b><\/p>\n<p>Esprimendo la loro indignazione, i manifestanti hanno cantato durante le manifestazioni: \u201cGli stadi sono qui, ma dove sono gli ospedali?\u201d, uno slogan che riflette la precaria situazione del sistema sanitario pubblico nel paese nordafricano, una crisi prolungata che si \u00e8 acuita negli ultimi mesi. Questa crisi si \u00e8 manifestata in una carenza di operatori sanitari, scarse infrastrutture ospedaliere e una risposta ritardata ai casi di emergenza, soprattutto nelle aree meridionali e remote.<\/p>\n<p>Il settore sanitario marocchino ha dovuto affrontare un\u2019escalation della crisi per tutto il 2025, minacciando il diritto costituzionale dei cittadini alla salute e alla vita, a causa delle scarse infrastrutture, della mancanza di risorse umane e dei finanziamenti limitati. Nonostante l\u2019aumento del budget sanitario del 65%, da 19,7 miliardi di dirham nel 2021 a 32,6 miliardi di dirham nel 2025, la spesa del governo\u00a0<a href=\"https:\/\/vitavox.ma\/en\/2025\/07\/16\/healthcare-reform-in-morocco-progress-and-key-challenges\" rel=\"nofollow noopener\" target=\"_blank\">per il settore sanitario rimane bassa<\/a>\u00a0rispetto agli standard regionali. Il Marocco spende circa 885 dirham pro capite all\u2019anno, rispetto ai 2.900 dirham pro capite della Tunisia. La carenza di finanziamenti ha portato a ripetute carenze di medicinali essenziali e forniture mediche, che a loro volta aggravano le sofferenze dei pazienti, soprattutto dei pi\u00f9 vulnerabili.<\/p>\n<p>Il Marocco soffre anche di una grave carenza di medici e infermieri, con meno di 15.000 medici nel settore pubblico che servono oltre 36 milioni di persone. Ci\u00f2 equivale a 4 medici ogni 10.000 persone, che \u00e8\u00a0<a href=\"https:\/\/www.trade.gov\/country-commercial-guides\/morocco-healthcare\" rel=\"nofollow noopener\" target=\"_blank\">molto al di sotto dei tassi internazionali raccomandati<\/a>. Uno\u00a0<a href=\"https:\/\/www.afrobarometer.org\/wp-content\/uploads\/2025\/09\/AD1044-Moroccans-voice-concerns-about-affordability-and-quality-of-health-care-Afrobarometer-10sept25.pdf\" rel=\"nofollow noopener\" target=\"_blank\">studio<\/a>\u00a0recente indica che il 95% dei cittadini ha dovuto affrontare lunghi periodi di attesa per i servizi sanitari, mentre l\u201985% ha segnalato la mancanza di personale medico. Un altro 85% ha affermato che i costi elevati hanno impedito loro di ottenere i farmaci o le cure necessarie. Inoltre, i pazienti che necessitano di imaging medico o di un test sono spesso indirizzati a laboratori privati ad alto costo perch\u00e9 le apparecchiature diagnostiche negli ospedali sono insufficienti o non funzionanti.<\/p>\n<p>Questa crisi strutturale ha portato i cittadini a protestare in diverse citt\u00e0, tra cui Agadir, chiedendo migliori servizi sanitari e l\u2019accesso alle cure di base sotto lo slogan \u201cFine dell\u2019abbandono sanitario\u201d. Ad Agadir, dopo che diverse donne hanno perso la vita durante le procedure di taglio cesareo presso l\u2019ospedale Hassan II, i cittadini e i membri della societ\u00e0 civile hanno organizzato proteste davanti all\u2019ospedale, chiedendo indagini rapide e miglioramenti tangibili nelle cliniche, nei servizi di emergenza e nelle attrezzature.<\/p>\n<p>I manifestanti hanno chiesto richieste economiche e sociali pi\u00f9 ampie anche a livello nazionale, compresi i miglioramenti dell\u2019istruzione e dell\u2019occupazione.<\/p>\n<p><b>Gli slogan sull\u2019istruzione e l\u2019occupazione risuonano nelle strade<\/b><\/p>\n<p>La disoccupazione, soprattutto tra i giovani istruiti, \u00e8 stata anche una questione centrale nelle proteste del fine settimana. I dati pubblicati di recente hanno mostrato che l\u2019economia nazionale non \u00e8 stata in grado di assorbire i laureati dalle universit\u00e0 e dagli istituti superiori.\u00a0<a href=\"https:\/\/www.hcp.ma\/Situation-du-marche-du-travail-en-2024_a4059.html\" rel=\"nofollow noopener\" target=\"_blank\">Secondo l\u2019Alta Commissione per la Pianificazione<\/a>\u00a0(HCP), il tasso di disoccupazione nazionale \u00e8 salito a circa il 13,3% nel 2024, un leggero aumento rispetto all\u2019anno precedente.<\/p>\n<p>I numeri diventano pi\u00f9 allarmanti tra le persone di et\u00e0 compresa tra i 15 e i 24 anni, con tassi di disoccupazione che raggiungono livelli record di circa il 36,7%, il che significa che pi\u00f9 di un terzo dei giovani di questa fascia di et\u00e0 \u00e8 direttamente disoccupato. Eppure, gli attivisti della societ\u00e0 civile sostengono che anche queste cifre sono fuorvianti. Secondo\u00a0<a href=\"https:\/\/www.amdh.org.ma\/Page\/817\" rel=\"nofollow noopener\" target=\"_blank\">il rapporto annuale dell\u2019Associazione marocchina per i diritti umani<\/a>, i giovani sono costretti a unirsi al settore informale, descritto come un \u201crifugio di emergenza\u201d, che manca di elementi di base per un lavoro dignitoso e di protezione sociale.<\/p>\n<p>La situazione dei laureati \u00e8 un altro problema che complica ulteriormente la situazione economica del Paese con un tasso di disoccupazione di circa il 19,6%, confermando un profondo divario strutturale tra la produzione del sistema educativo e le esigenze del mercato del lavoro.<\/p>\n<p>Questa contraddizione tra gli sforzi meticolosi e gli anni di studio trascorsi dai giovani, da un lato, e la mancanza di prospettive professionali, dall\u2019altro, ha provocato la frustrazione dell\u2019opinione pubblica per un futuro cupo.<\/p>\n<p>Pertanto, le richieste principali dei manifestanti non si limitano a creare opportunit\u00e0 di lavoro nel settore pubblico, ma a lavorare su piani e programmi reali e sostenibili per generare posti di lavoro a valore aggiunto in altri settori produttivi.<\/p>\n<p>I manifestanti hanno anche chiesto di combattere la corruzione in quanto costituisce un grave ostacolo all\u2019equa distribuzione delle opportunit\u00e0 di lavoro e della ricchezza, e di attuare la responsabilit\u00e0 e la trasparenza finanziaria globale.<\/p>\n<p>Il progetto di legge n. 59.24 sull\u2019istruzione superiore e la ricerca scientifica in Marocco, presentato al parlamento marocchino alla fine di settembre 2025, ha ulteriormente scatenato l\u2019ira degli studenti e dei sindacati dell\u2019istruzione. Molte organizzazioni hanno considerato il progetto di legge una regressione rispetto alle conquiste dell\u2019universit\u00e0 marocchina e una minaccia alla sua indipendenza.<\/p>\n<p>Il disegno di legge \u00e8 stato principalmente criticato in quanto \u00e8 stato formulato unilateralmente senza un reale coinvolgimento delle principali parti interessate, come professori e studenti, e non \u00e8 stato nemmeno presentato per la consultazione con loro. I sindacati e le organizzazioni studentesche hanno sollevato lamentele sulla natura democratica del processo legislativo.<\/p>\n<p>In particolare, gli articoli 71, 72 e 73 della bozza hanno incontrato un diffuso rifiuto da parte dei corpi studenteschi. Questi articoli limitano il diritto di organizzazione all\u2019interno delle istituzioni universitarie, minando la libert\u00e0 di espressione e l\u2019affiliazione politica degli studenti. Inoltre, le organizzazioni educative sostengono che questi articoli aprono la porta alla privatizzazione delle universit\u00e0 pubbliche, che escluderebbe le universit\u00e0 per i giovani marocchini dalla societ\u00e0 in generale.<\/p>\n<p>Le richieste delle proteste si concentrano sulla garanzia di un\u2019istruzione pubblica gratuita e di qualit\u00e0 per tutti, chiedendo riforme complete dei programmi di studio per allinearsi alle moderne esigenze del mercato del lavoro, evitando aule sovraffollate e fornendo infrastrutture di base nelle aree rurali e remote, compresi dormitori e trasporti scolastici.<\/p>\n<p><b>Il Marocco si solleva contro l\u2019esclusione e la disuguaglianza<\/b><\/p>\n<p>Le proteste di massa a cui si \u00e8 assistito per le strade del Marocco, che probabilmente continueranno, non sono emerse dal nulla, ma sono il risultato di politiche storiche che hanno contribuito a un tasso record di disoccupazione giovanile e al deterioramento dei servizi sociali essenziali, tra cui l\u2019assistenza sanitaria e l\u2019istruzione. Le spese stravaganti per la Coppa del Mondo e le infrastrutture di intrattenimento forniscono un quadro chiaro delle priorit\u00e0 dello Stato e della sua incapacit\u00e0 di investire nelle persone e nei loro mezzi di sussistenza.<\/p>\n<p>*da Peoples Dispatch<\/p>\n<p class=\"firma-redazione\">\n2 Ottobre 2025 &#8211; \u00a9 Riproduzione possibile DIETRO ESPLICITO CONSENSO della REDAZIONE di CONTROPIANO\n<\/p>\n<p>Ultima modifica: 2 Ottobre 2025, ore 8:51<\/p>\n<p><a href=\"#\" onclick=\"window.print()\" id=\"stampaarticolo\">stampa<\/a><\/p>\n","protected":false},"excerpt":{"rendered":"Durante il fine settimana, le manifestazioni hanno attraversato\u00a011 citt\u00e0 del Marocco, con migliaia di persone che hanno protestato&hellip;\n","protected":false},"author":3,"featured_media":143009,"comment_status":"","ping_status":"","sticky":false,"template":"","format":"standard","meta":{"footnotes":""},"categories":[1481],"tags":[2065,2066,239,2063,2064,1537,90,89,240],"class_list":{"0":"post-143008","1":"post","2":"type-post","3":"status-publish","4":"format-standard","5":"has-post-thumbnail","7":"category-assistenza-sanitaria","8":"tag-assistenza-sanitaria","9":"tag-assistenzasanitaria","10":"tag-health","11":"tag-health-care","12":"tag-healthcare","13":"tag-it","14":"tag-italia","15":"tag-italy","16":"tag-salute"},"share_on_mastodon":{"url":"","error":""},"_links":{"self":[{"href":"https:\/\/www.europesays.com\/it\/wp-json\/wp\/v2\/posts\/143008","targetHints":{"allow":["GET"]}}],"collection":[{"href":"https:\/\/www.europesays.com\/it\/wp-json\/wp\/v2\/posts"}],"about":[{"href":"https:\/\/www.europesays.com\/it\/wp-json\/wp\/v2\/types\/post"}],"author":[{"embeddable":true,"href":"https:\/\/www.europesays.com\/it\/wp-json\/wp\/v2\/users\/3"}],"replies":[{"embeddable":true,"href":"https:\/\/www.europesays.com\/it\/wp-json\/wp\/v2\/comments?post=143008"}],"version-history":[{"count":0,"href":"https:\/\/www.europesays.com\/it\/wp-json\/wp\/v2\/posts\/143008\/revisions"}],"wp:featuredmedia":[{"embeddable":true,"href":"https:\/\/www.europesays.com\/it\/wp-json\/wp\/v2\/media\/143009"}],"wp:attachment":[{"href":"https:\/\/www.europesays.com\/it\/wp-json\/wp\/v2\/media?parent=143008"}],"wp:term":[{"taxonomy":"category","embeddable":true,"href":"https:\/\/www.europesays.com\/it\/wp-json\/wp\/v2\/categories?post=143008"},{"taxonomy":"post_tag","embeddable":true,"href":"https:\/\/www.europesays.com\/it\/wp-json\/wp\/v2\/tags?post=143008"}],"curies":[{"name":"wp","href":"https:\/\/api.w.org\/{rel}","templated":true}]}}