{"id":143026,"date":"2025-10-02T07:13:19","date_gmt":"2025-10-02T07:13:19","guid":{"rendered":"https:\/\/www.europesays.com\/it\/143026\/"},"modified":"2025-10-02T07:13:19","modified_gmt":"2025-10-02T07:13:19","slug":"il-caso-dellopera-di-arnaldo-pomodoro","status":"publish","type":"post","link":"https:\/\/www.europesays.com\/it\/143026\/","title":{"rendered":"il caso dell&#8217;opera di Arnaldo Pomodoro"},"content":{"rendered":"<p><a href=\"https:\/\/www.ilgazzettino.it\/t\/belluno\" rel=\"nofollow noopener\" target=\"_blank\">BELLUNO<\/a> &#8211; Era accaduto con la <a href=\"https:\/\/www.ilgazzettino.it\/t\/statua\" rel=\"nofollow noopener\" target=\"_blank\">statua<\/a> di <a href=\"https:\/\/www.ilgazzettino.it\/t\/arnaldo-pomodoro\" rel=\"nofollow noopener\" target=\"_blank\">Arnaldo Pomodoro<\/a>. Riaccade con quella a tema <a href=\"https:\/\/www.ilgazzettino.it\/t\/maternita\" rel=\"nofollow noopener\" target=\"_blank\">maternit\u00e0<\/a>. A Belluno l\u2019installazione delle statue genera conflitti. Vuoi da destra, che da sinistra. Vuoi per ragioni economiche (Pomodoro) che per quelle di natura pi\u00f9 ideologica (la donna non \u00e8 solo mamma). Il giorno dopo la discussione dell\u2019ordine del giorno presentato dai consiglieri leghisti Francesco Pingitore e Marzio Sovilla, da Sebastiano Marotto (Belluno al centro, la lista che sostiene il sindaco) e Massimo Garzotto (gruppo misto), partiva da una premessa di carattere generale: \u00abLa maternit\u00e0 \u00e8 una delle esperienze umane pi\u00f9 umane e significative, rappresentando il fondamento della societ\u00e0 e delle comunit\u00e0. E il Comune di Belluno ha sempre dimostrato grande attenzione verso il sostegno alla famiglia, in particolare alla figura delle madri, promuovendo politiche e iniziative che valorizzano la maternit\u00e0 e la genitorialit\u00e0\u00bb. Il gi\u00e0 pi\u00f9 volte assessore alla Cultura, Marco Perale (oggi consigliere di Insieme per Belluno \u2013 Bene comune, lista civica legata alla sinistra bellunese) ricorda che \u00abArnaldo Pomodoro era il pi\u00f9 grande scultore vivente e la statua era stata acquistata per un disegno preciso\u00bb, racconta. L\u2019amministrazione di centro destra lo alien\u00f2, a comprarla \u00abper lo stesso prezzo (di 4 anni prima) fu la Fondazione Cariverona \u2013 prosegue il consigliere \u2013, che a sua volta l\u2019ha poi rivenduta in Giappone (non si sa a quanto, essendo un ente privato)\u00bb. <\/p>\n<p>    &#13;<\/p>\n<p>APPROFONDIMENTI<\/p>\n<p>&#13;<\/p>\n<p>                            &#13;<br \/>\n                                            &#13;<br \/>\n                            <a href=\"https:\/\/www.ilgazzettino.it\/nordest\/belluno\/statua_mamma_voto_polemica-9098964.html\" rel=\"nofollow noopener\" target=\"_blank\">&#13;<br \/>\n                                                                <img decoding=\"async\" src=\"https:\/\/statics.cedscdn.it\/photos\/THUMB\/2025\/09\/30\/9098964_30220153_statua_mamma_voto_polemica.jpg\"\/>&#13;<br \/>\n                            <\/a>&#13;<br \/>\n                        &#13;<br \/>\n                                        &#13;<\/p>\n<p>        &#13;<\/p>\n<p> \u00a0 La decisione <\/p>\n<p>Marco Perale non usa mezzi termini: \u00ab\u00c8 stata un\u2019improvvida e frettolosa scelta politica, avevamo un pezzo importante ed \u00e8 stato svenduto\u00bb. Ma com\u2019era nata l\u2019ipotesi di acquistare proprio un Pomodoro? \u00abL\u2019idea era partita durante l\u2019amministrazione di Ermano De Col (2001-06), in accordo con la Provincia \u2013 ricorda l\u2019allora assessore alla Cultura Perale \u2013. Avevano deciso di lavorare sulla cultura in chiave turistica, avevamo contattato Marco Goldin per opere di Van Gogh. Avevamo sistemato Palazzo Crepadona e l\u00ec si organizz\u00f2 la mostra di Tiziano Vecellio. L\u2019intento era organizzarne una all\u2019anno e si pensava a esposizioni che, con questi esempi che ho citato, avevano convogliato a Belluno 50 mila visitatori la prima e ben 150 mila la seconda. Numeri importanti di livello internazionale, nulla a confronto con le \u201cmostrine\u201d di questi anni che portano poche migliaia di persone\u00bb. All\u2019interno di questo circuito di persone, si era paventata l\u2019idea di creare anche \u2013 parallelamente \u2013 una mostra di sculture di un certo livello. \u00abQuindi, verso la fine del quinquennio, avevamo concordato con la Provincia di acquistare, a turno, una statua\u00bb. La scelta era ricaduta sullo scultore pi\u00f9 importante del momento: Arnaldo Pomodoro. <\/p>\n<p>Il costo <\/p>\n<p>La sua scultura &#8220;Novecento&#8221; cost\u00f2 a Palazzo Rosso un po\u2019 meno di 300 mila euro. \u00abSe avessimo comperato una statua per 4, 5 anni, a Belluno si verrebbe anche per vedere opere di questo genere, ma non c\u2019\u00e8 stata visione. E non c\u2019\u00e8 tutt\u2019ora\u00bb, chiosa Marco Perale che ricorda \u2013 venendo all\u2019attualit\u00e0 \u2013 come di statue legate ad associazioni ce ne sono abbastanza. Ma siccome tutti dicono sempre che non c\u2019\u00e8 una lira, diciamo che per la maternit\u00e0 sarebbe preferibile adottare altre misure: come abbassare le tasse comunali per le famiglie numerose, aumentare i numeri all\u2019asilo nido. Incentivare le politiche famigliari. Un\u2019ultima cosa. \u00abVediamo su che scultore cadr\u00e0 la scelta. Hanno detto che hanno una Commissione al museo civico: che facciano scegliere in quella sede\u00bb. Dal canto suo uno dei proponenti, Francesco Pingitore, ribadisce: \u00abPerch\u00e9 a Milano, quando la sinistra \u00e8 al governo, si accettano idee simili mentre a Belluno si fa polemica sempre su tutto?\u00bb. L\u2019artista a cui pensa \u00e8 Vera Omodeo, la scultrice della statua posta in piazza Tommaseo a Milano.<\/p>\n","protected":false},"excerpt":{"rendered":"BELLUNO &#8211; Era accaduto con la statua di Arnaldo Pomodoro. Riaccade con quella a tema maternit\u00e0. A Belluno&hellip;\n","protected":false},"author":3,"featured_media":143027,"comment_status":"","ping_status":"","sticky":false,"template":"","format":"standard","meta":{"footnotes":""},"categories":[1446],"tags":[11162,1615,1613,1614,1611,1610,431,1612,203,204,1537,90,89,6959,7452],"class_list":{"0":"post-143026","1":"post","2":"type-post","3":"status-publish","4":"format-standard","5":"has-post-thumbnail","7":"category-arte-e-design","8":"tag-arnaldo-pomodoro","9":"tag-arte","10":"tag-arte-e-design","11":"tag-arteedesign","12":"tag-arts","13":"tag-arts-and-design","14":"tag-belluno","15":"tag-design","16":"tag-entertainment","17":"tag-intrattenimento","18":"tag-it","19":"tag-italia","20":"tag-italy","21":"tag-maternita","22":"tag-statua"},"share_on_mastodon":{"url":"","error":""},"_links":{"self":[{"href":"https:\/\/www.europesays.com\/it\/wp-json\/wp\/v2\/posts\/143026","targetHints":{"allow":["GET"]}}],"collection":[{"href":"https:\/\/www.europesays.com\/it\/wp-json\/wp\/v2\/posts"}],"about":[{"href":"https:\/\/www.europesays.com\/it\/wp-json\/wp\/v2\/types\/post"}],"author":[{"embeddable":true,"href":"https:\/\/www.europesays.com\/it\/wp-json\/wp\/v2\/users\/3"}],"replies":[{"embeddable":true,"href":"https:\/\/www.europesays.com\/it\/wp-json\/wp\/v2\/comments?post=143026"}],"version-history":[{"count":0,"href":"https:\/\/www.europesays.com\/it\/wp-json\/wp\/v2\/posts\/143026\/revisions"}],"wp:featuredmedia":[{"embeddable":true,"href":"https:\/\/www.europesays.com\/it\/wp-json\/wp\/v2\/media\/143027"}],"wp:attachment":[{"href":"https:\/\/www.europesays.com\/it\/wp-json\/wp\/v2\/media?parent=143026"}],"wp:term":[{"taxonomy":"category","embeddable":true,"href":"https:\/\/www.europesays.com\/it\/wp-json\/wp\/v2\/categories?post=143026"},{"taxonomy":"post_tag","embeddable":true,"href":"https:\/\/www.europesays.com\/it\/wp-json\/wp\/v2\/tags?post=143026"}],"curies":[{"name":"wp","href":"https:\/\/api.w.org\/{rel}","templated":true}]}}