{"id":143270,"date":"2025-10-02T09:55:12","date_gmt":"2025-10-02T09:55:12","guid":{"rendered":"https:\/\/www.europesays.com\/it\/143270\/"},"modified":"2025-10-02T09:55:12","modified_gmt":"2025-10-02T09:55:12","slug":"rimini-costringono-la-figlia-a-un-matrimonio-combinato-e-la-drogano-perche-rimanga-incinta-lui-ha-20-anni-in-piu-di-lei","status":"publish","type":"post","link":"https:\/\/www.europesays.com\/it\/143270\/","title":{"rendered":"Rimini, costringono la figlia a un matrimonio combinato e la drogano perch\u00e9 rimanga incinta: \u00abLui ha 20 anni in pi\u00f9 di lei\u00bb"},"content":{"rendered":"<p>    di<br \/>\n    Enea Conti<\/p>\n<p class=\"summary-art is-line-h-12\">La ragazza sottoposta a minacce, maltrattamenti e alla somministrazione di farmaci per favorire una gravidanza. La coppia di coniugi, di origine bangladese, ora \u00e8 ai domiciliari. La figlia \u00e8 in una struttura protetta<\/p>\n<p class=\"chapter-paragraph\"><b>Da quando aveva 6 anni aveva sempre vissuto in Italia<\/b>: era il 2011 e lei aveva raggiunto assieme alla madre il padre, che viveva a Rimini dal 2008, dove lavorava come cuoco.\u00a0<\/p>\n<p class=\"chapter-paragraph\">Vengono tutti dal <b>Bangladesh<\/b>, ma quindici anni dopo l\u2019arrivo in Italia i legami che tenevano insieme questa famiglia all\u2019apparenza normale di cittadini bangladesi non esiste quasi pi\u00f9 nulla: i due coniugi, <b>i genitori di lei, una ragazza di vent\u2019anni <\/b>ancora studentessa alle scuole superiori,\u00a0<b>sono stati arrestati e messi ai domiciliar<\/b>i. Lei, <b>la giovane, vive in una localit\u00e0 segreta<\/b>, e in una struttura protetta.\u00a0    &#13;<br \/>\n&#13;<br \/>\n&#13;<br \/>\n&#13;<br \/>\n&#13;<br \/>\n&#13;<br \/>\n&#13;<br \/>\n&#13;<br \/>\n&#13;<br \/>\n&#13;<br \/>\n&#13;<br \/>\n&#13;<br \/>\n&#13;<br \/>\n&#13;<br \/>\n&#13;<br \/>\n&#13;<br \/>\n&#13;<br \/>\n&#13;<br \/>\n&#13;<br \/>\n&#13;<br \/>\n&#13;<br \/>\n&#13;<br \/>\n&#13;<br \/>\n&#13;<br \/>\n&#13;<br \/>\n&#13;<br \/>\n&#13;<br \/>\n&#13;<br \/>\n&#13;<br \/>\n&#13;<br \/>\n&#13;<br \/>\n&#13;<br \/>\n&#13;<br \/>\n&#13;<br \/>\n&#13;<br \/>\n&#13;<br \/>\n&#13;<br \/>\n&#13;<br \/>\n&#13;<br \/>\n&#13;<br \/>\n&#13;<br \/>\n&#13;<br \/>\n&#13;<br \/>\n&#13;<br \/>\n&#13;<br \/>\n&#13;<br \/>\n&#13;<br \/>\n&#13;<br \/>\n&#13;<br \/>\n&#13;<br \/>\n&#13;<br \/>\n&#13;<br \/>\n&#13;\n<\/p>\n<p class=\"chapter-paragraph\">Sarebbe stata vittima di un reato gravissimo, <a href=\"https:\/\/corrieredibologna.corriere.it\/notizie\/cronaca\/25_settembre_09\/saman-abbas-e-stata-uccisa-dal-clan-familiare-che-non-sopportava-la-sua-liberta-i-genitori-non-hanno-commesso-l-omicidio-sono-952f93e7-4fc5-42a2-80cc-819713798xlk.shtml\" title=\"Saman Abbas \u00e8 stata uccisa \u00abdal clan familiare che non sopportava la sua libert\u00e0\u00bb: \u00abI genitori non hanno commesso l&#039;omicidio, sono stati lo zio e i due cugini\u00bb\" rel=\"nofollow noopener\" target=\"_blank\">quello di induzione al matrimonio aggravato dai maltrattamenti<\/a>, che sarebbe stato commesso in Bangladesh. Risponde all\u2019articolo 158 bis del codice penale: \u00abChiunque <b>con violenza o minaccia<\/b>, costringe una persona a contrarre matrimonio o unione civile \u00e8 punito con la reclusione da uno a cinque anni\u00bb.\u00a0<\/p>\n<p class=\"chapter-paragraph\">Gli arresti dei genitori della ragazza, eseguiti su disposizione del Gip del tribunale di Rimini dai <b>carabinieri coordinati dal pm Davide Ercolani<\/b> la mattina del primo ottobre, sono l\u2019esito di una delle prime misure cautelari emesse in Italia per quel reato.\u00a0<\/p>\n<p>    Il futuro sposo pi\u00f9 grande di 20 anni<\/p>\n<p class=\"chapter-paragraph\"><b>I fatti risalgono alla fine del 2024<\/b>. Nel novembre di quell\u2019anno la ventenne era stata convinta dai genitori a partire da Rimini per fare ritorno in Bangladesh, con una<b> scusa: \u00abC\u2019\u00e8 un parente che sta molto male e dobbiamo andare ad assisterlo\u00bb<\/b>.\u00a0<\/p>\n<p class=\"chapter-paragraph\">Quando la giovane era arrivata nel suo paese natale, per\u00f2,  sarebbe iniziato un <b>incubo apparentemente senza fin<\/b>e. I genitori le avrebbero <b>sequestrato documenti di carta di credito<\/b> per poi farle intendere che sarebbe stata costretta a sposare un bangladese di origini facoltose molto <b>pi\u00f9 grande di lei di almeno 20 anni<\/b>. Il <b>matrimonio <\/b>fu celebrato<b> il 17 dicembre del 2024<\/b>.\u00a0<\/p>\n<p>    I farmaci e i calmanti per favorire la gravidanza<\/p>\n<p class=\"chapter-paragraph\">Sarebbe stata un\u2019unione forzata, come detto, ma la giovane sarebbe stata costretta a subire anche altre costrizioni. <b>Avrebbe subito minacce e maltrattamenti<\/b> gi\u00e0 prima del matrimonio per convincerla a sposarsi, ma dopo la celebrazione sarebbero continuate per convincerla a rimanere incinta. Sarebbe stata c<b>ostretta ad assumere farmaci per favorire la gravidanza e calmanti per accettare le circostanze<\/b>.<\/p>\n<p>    La richiesta d&#8217;aiuto sui social<\/p>\n<p class=\"chapter-paragraph\">La storia del suo riscatto comincia con queste ultime vessazioni. Prima dei rapporti sessuali con il marito <b>avrebbe iniziato ad assumere farmaci anticoncezionali<\/b>, tali da farle evitare la gravidanza indesiderata. La situazione era diventata insostenibile e dal Bangladesh la giovane era riuscita a preparare la fuga dal suo paese natale.\u00a0<\/p>\n<p class=\"chapter-paragraph\"><b>Aveva scritto sfruttando una pagina Instagram al consultorio di Rimini<\/b>. <b>Poi erano stati avviati i contatti con i carabinieri<\/b>. Era stata anche<b> abile a convincere la ma<\/b>dre a riaccompagnarla in Italia. \u00abSe torno a vivere l\u00ec sar\u00f2 pi\u00f9 tranquilla e rester\u00f2 incinta\u00bb.<\/p>\n<p>    Il ritorno in Italia e l&#8217;arresto dei genitori<\/p>\n<p class=\"chapter-paragraph\">La madre aveva quindi accettato di accompagnare la figlia. <b>Una volta sbarcate all\u2019aeroporto Marconi<\/b> di Bologna le due donne hanno trovato ad attendere <b>i carabinieri<\/b>. I militari dell\u2019Arma hanno subito preso in custodia la giovane per portare in una localit\u00e0 protetta.\u00a0<\/p>\n<p class=\"chapter-paragraph\">La madre, nel frattempo, faceva ritorno a casa raggiunta poche settimane dopo dal padre, come avevano programmato. Intanto la Procura aveva fatto partire le indagini: <b>i carabinieri<\/b> coordinati dal pm Davide Ercolani <b>hanno ricostruito la vicenda trovando riscontri sui racconti della ragazza<\/b>.\u00a0<\/p>\n<p class=\"is-mr-t-20 is-mr-b-20\"><b><br \/>\n                    <a href=\"https:\/\/corrieredibologna.corriere.it\/?intcmp=Notizielocali_nd_010623_corriere_ss_bologna\" target=\"_blank\" rel=\"nofollow noopener\">Vai a tutte le notizie di Bologna<\/a><br \/>\n            <\/b><\/p>\n<p class=\"chapter-paragraph\"><b><a href=\"https:\/\/www.corriere.it\/newsletter\/?theme=38&amp;intcmp=NL-artic_nd_050624_corriere_ss_bologna\" target=\"_blank\" rel=\"nofollow noopener\">Iscriviti alla newsletter del Corriere di Bologna<\/a><\/b><\/p>\n<p class=\"is-last-update\" datetime=\"2025-10-02T00:34:05+02:00\">1 ottobre 2025 ( modifica il 2 ottobre 2025 | 00:34)<\/p>\n<p class=\"is-copyright\">\n            \u00a9 RIPRODUZIONE RISERVATA\n        <\/p>\n","protected":false},"excerpt":{"rendered":"di Enea Conti La ragazza sottoposta a minacce, maltrattamenti e alla somministrazione di farmaci per favorire una gravidanza.&hellip;\n","protected":false},"author":3,"featured_media":143271,"comment_status":"","ping_status":"","sticky":false,"template":"","format":"standard","meta":{"footnotes":""},"categories":[1480],"tags":[4604,19806,90191,17787,90192,3905,90193,90194,12007,90195,90196,90197,90198,12410,8506,90199,13568,34643,23239,2297,90200,19267,90190,1944,3384,2753,229,1232,239,16792,1537,90,89,4045,7413,8866,13017,1920,10973,3675,240,1942,1943,1940,1941],"class_list":{"0":"post-143270","1":"post","2":"type-post","3":"status-publish","4":"format-standard","5":"has-post-thumbnail","7":"category-salute-femminile","8":"tag-arrestati","9":"tag-assumere","10":"tag-assumere-farmaci","11":"tag-bangladesh","12":"tag-calmanti","13":"tag-carabinieri","14":"tag-carabinieri-coordinati","15":"tag-carabinieri-coordinati-pm","16":"tag-coniugi","17":"tag-convincerla","18":"tag-coordinati","19":"tag-coordinati-pm","20":"tag-coordinati-pm-davide","21":"tag-costretta","22":"tag-davide","23":"tag-davide-ercolani","24":"tag-domiciliari","25":"tag-ercolani","26":"tag-farle","27":"tag-farmaci","28":"tag-farmaci-favorire","29":"tag-favorire","30":"tag-favorire-gravidanza","31":"tag-femminile","32":"tag-figlia","33":"tag-genitori","34":"tag-giovane","35":"tag-gravidanza","36":"tag-health","37":"tag-incinta","38":"tag-it","39":"tag-italia","40":"tag-italy","41":"tag-madre","42":"tag-maltrattamenti","43":"tag-matrimonio","44":"tag-protetta","45":"tag-ragazza","46":"tag-rimini","47":"tag-ritorno","48":"tag-salute","49":"tag-salute-femminile","50":"tag-salutefemminile","51":"tag-womens-health","52":"tag-womenshealth"},"share_on_mastodon":{"url":"","error":""},"_links":{"self":[{"href":"https:\/\/www.europesays.com\/it\/wp-json\/wp\/v2\/posts\/143270","targetHints":{"allow":["GET"]}}],"collection":[{"href":"https:\/\/www.europesays.com\/it\/wp-json\/wp\/v2\/posts"}],"about":[{"href":"https:\/\/www.europesays.com\/it\/wp-json\/wp\/v2\/types\/post"}],"author":[{"embeddable":true,"href":"https:\/\/www.europesays.com\/it\/wp-json\/wp\/v2\/users\/3"}],"replies":[{"embeddable":true,"href":"https:\/\/www.europesays.com\/it\/wp-json\/wp\/v2\/comments?post=143270"}],"version-history":[{"count":0,"href":"https:\/\/www.europesays.com\/it\/wp-json\/wp\/v2\/posts\/143270\/revisions"}],"wp:featuredmedia":[{"embeddable":true,"href":"https:\/\/www.europesays.com\/it\/wp-json\/wp\/v2\/media\/143271"}],"wp:attachment":[{"href":"https:\/\/www.europesays.com\/it\/wp-json\/wp\/v2\/media?parent=143270"}],"wp:term":[{"taxonomy":"category","embeddable":true,"href":"https:\/\/www.europesays.com\/it\/wp-json\/wp\/v2\/categories?post=143270"},{"taxonomy":"post_tag","embeddable":true,"href":"https:\/\/www.europesays.com\/it\/wp-json\/wp\/v2\/tags?post=143270"}],"curies":[{"name":"wp","href":"https:\/\/api.w.org\/{rel}","templated":true}]}}