{"id":143800,"date":"2025-10-02T15:28:16","date_gmt":"2025-10-02T15:28:16","guid":{"rendered":"https:\/\/www.europesays.com\/it\/143800\/"},"modified":"2025-10-02T15:28:16","modified_gmt":"2025-10-02T15:28:16","slug":"giro-dellemilia-2025-la-ineos-grenadiers-punta-su-egan-bernal-e-thymen-arensman","status":"publish","type":"post","link":"https:\/\/www.europesays.com\/it\/143800\/","title":{"rendered":"Giro dell\u2019Emilia 2025, la Ineos Grenadiers punta su Egan Bernal e Thymen Arensman"},"content":{"rendered":"<p>\t\t<img width=\"2048\" height=\"1366\" src=\"https:\/\/www.europesays.com\/it\/wp-content\/uploads\/2025\/10\/Egan-Bernal-Mikel-Landa-Vuelta-a-Espana-2025.jpg\" class=\"attachment-full size-full wp-post-image\" alt=\"\" data-main-img=\"1\" decoding=\"async\" fetchpriority=\"high\"  \/><\/p>\n<p>\t\t\t\t\t\t\t \u00a9 Unipublic \/ Cxcling \/ Antonio Baixauli<\/p>\n<p>\t\t\t\t\t<a href=\"https:\/\/cyclingpro.net\/spaziociclismo\/altro\/scopri-lapp-ufficiale-di-spaziociclismo\/\" title=\"\" rel=\"nofollow noopener\" target=\"_blank\"><br \/>\n\t\t\t\t\t\t<img loading=\"lazy\" decoding=\"async\" src=\"https:\/\/www.europesays.com\/it\/wp-content\/uploads\/2025\/09\/1758060682_662_Banner-App-SpazioCiclismo.png\" alt=\"\" width=\"728\" height=\"91\"\/><br \/>\n\t\t\t\t\t<\/a><\/p>\n<p><strong>Egan Bernal<\/strong> e <strong>Thymen Arensman<\/strong> saranno le punte per la <strong>Ineos Grenadiers<\/strong> al <strong>Giro dell\u2019Emilia 2025<\/strong>. Per la corsa in programma <strong>sabato 4 ottobre<\/strong> la compagine britannica sceglie dunque due scalatori di alto profilo che potranno provare a dire la loro nella corsa bolognese che, <a href=\"https:\/\/cyclingpro.net\/spaziociclismo\/percorsi\/giro-dellemilia-2025-percorso-altimetria-e-planimetria\/\" rel=\"nofollow noopener\" target=\"_blank\">come da tradizione si concluder\u00e0 sulle rampe del San Luca<\/a>, dove il colombiano prover\u00e0 a dire la sua per riscattare la delusione Mondiale e riprendere le buone sensazioni avute alla Vuelta a Espa\u00f1a. Altra carta da giocare per la formazione britannica, \u00e8 il classe 1999 che, dopo un mondiale non troppo brillante, potrebbe avere delle buone carte da giocare su un arrivo a lui pi\u00f9 congeniale, cercando di ritrovare il colpo di pedale che al Tour de France gli ha permesso di conquistare due tappe.<\/p>\n<p>Al fianco dei due capitani, per la 108\u00aa edizione della corsa italiana ci sar\u00e0 una formazione prevalentemente di scalatori quali\u00a0 <strong>Andrew August<\/strong>, <strong>Michael Leonard<\/strong>, <strong>Brandon Rivera<\/strong>\u00a0 e <strong>Oscar Rodriguez<\/strong>. A loro si aggiunge l\u2019esperto <strong>Salvatore Puccio<\/strong> che completer\u00e0 la selezione in quella che sar\u00e0 <a href=\"https:\/\/cyclingpro.net\/spaziociclismo\/ciclomercato\/ineos-grenadiers-salvatore-puccio-annuncia-il-ritiro-a-fine-stagione-il-ciclismo-mi-ha-dato-cosi-tanto\/\" rel=\"nofollow noopener\" target=\"_blank\">una delle sue ultime corse della carriera<\/a>.<\/p>\n<p>Seguici<\/p>\n<p>\t\t\t\t\t\t\t\t\t\t<a href=\"https:\/\/news.google.com\/publications\/CAAqBwgKMNaVhQswhaiCAw?hl=it&amp;gl=IT&amp;ceid=IT%3Ait\" title=\"Google News\" target=\"_blank\" rel=\"nofollow noopener\" class=\"post-followus-btn google-new-btn\"><br \/>\n\t\t\t\t\t\t<img decoding=\"async\" src=\"https:\/\/cyclingpro.net\/spaziociclismo\/wp-content\/themes\/jannah\/assets\/images\/google-news.svg\" alt=\"Google News\" loading=\"lazy\" width=\"120\" height=\"22\"\/><br \/>\n\t\t\t\t\t<\/a><br \/>\n\t\t\t\t\t\t\t\t\t\t<a href=\"https:\/\/flipboard.com\/@SpazioCiclismo\" title=\"Flipboard\" target=\"_blank\" rel=\"nofollow noopener\" class=\"post-followus-btn flipboard-btn\"><br \/>\n\t\t\t\t\t\t<img decoding=\"async\" src=\"https:\/\/cyclingpro.net\/spaziociclismo\/wp-content\/themes\/jannah\/assets\/images\/flipboard.svg\" alt=\"Flipboard\" loading=\"lazy\" width=\"152\" height=\"30\"\/><br \/>\n\t\t\t\t\t<\/a><\/p>\n","protected":false},"excerpt":{"rendered":"\u00a9 Unipublic \/ Cxcling \/ Antonio Baixauli Egan Bernal e Thymen Arensman saranno le punte per la Ineos&hellip;\n","protected":false},"author":3,"featured_media":143801,"comment_status":"","ping_status":"","sticky":false,"template":"","format":"standard","meta":{"footnotes":""},"categories":[1456],"tags":[1824,1825,30411,81055,8387,1537,90,89,245,244,11559],"class_list":{"0":"post-143800","1":"post","2":"type-post","3":"status-publish","4":"format-standard","5":"has-post-thumbnail","7":"category-ciclismo","8":"tag-ciclismo","9":"tag-cycling","10":"tag-egan-bernal","11":"tag-giro-dellemilia-2025","12":"tag-ineos-grenadiers-2025","13":"tag-it","14":"tag-italia","15":"tag-italy","16":"tag-sport","17":"tag-sports","18":"tag-thymen-arensman"},"share_on_mastodon":{"url":"","error":""},"_links":{"self":[{"href":"https:\/\/www.europesays.com\/it\/wp-json\/wp\/v2\/posts\/143800","targetHints":{"allow":["GET"]}}],"collection":[{"href":"https:\/\/www.europesays.com\/it\/wp-json\/wp\/v2\/posts"}],"about":[{"href":"https:\/\/www.europesays.com\/it\/wp-json\/wp\/v2\/types\/post"}],"author":[{"embeddable":true,"href":"https:\/\/www.europesays.com\/it\/wp-json\/wp\/v2\/users\/3"}],"replies":[{"embeddable":true,"href":"https:\/\/www.europesays.com\/it\/wp-json\/wp\/v2\/comments?post=143800"}],"version-history":[{"count":0,"href":"https:\/\/www.europesays.com\/it\/wp-json\/wp\/v2\/posts\/143800\/revisions"}],"wp:featuredmedia":[{"embeddable":true,"href":"https:\/\/www.europesays.com\/it\/wp-json\/wp\/v2\/media\/143801"}],"wp:attachment":[{"href":"https:\/\/www.europesays.com\/it\/wp-json\/wp\/v2\/media?parent=143800"}],"wp:term":[{"taxonomy":"category","embeddable":true,"href":"https:\/\/www.europesays.com\/it\/wp-json\/wp\/v2\/categories?post=143800"},{"taxonomy":"post_tag","embeddable":true,"href":"https:\/\/www.europesays.com\/it\/wp-json\/wp\/v2\/tags?post=143800"}],"curies":[{"name":"wp","href":"https:\/\/api.w.org\/{rel}","templated":true}]}}