{"id":144003,"date":"2025-10-02T17:29:11","date_gmt":"2025-10-02T17:29:11","guid":{"rendered":"https:\/\/www.europesays.com\/it\/144003\/"},"modified":"2025-10-02T17:29:11","modified_gmt":"2025-10-02T17:29:11","slug":"le-iene-a-cosenza-lanciati-oggetti-contro-luigi-pelazza","status":"publish","type":"post","link":"https:\/\/www.europesays.com\/it\/144003\/","title":{"rendered":"&#8220;Le Iene&#8221; a Cosenza, lanciati oggetti contro Luigi Pelazza"},"content":{"rendered":"<p>Mattinata di alta tensione e momenti di paura quella vissuta oggi nella citt\u00e0 dei Bruzi. La troupe del noto programma Mediaset \u201cLe Iene\u201d, guidata dal celebre reporter <b>Luigi Pelazza<\/b>, si \u00e8 trovata al centro di una situazione delicata che \u00e8 rapidamente degenerata. L\u2019inviato e i suoi operatori erano giunti a Cosenza, in particolare nei pressi di <b>Viale Giacomo Mancini<\/b>, con l\u2019obiettivo dichiarato di documentare una \u201csituazione problematica\u201d, come spesso accade nelle inchieste del programma.<\/p>\n<p>L\u2019attivit\u00e0 investigativa del giornalista, mirata a fare luce su una questione ancora non specificata ma presumibilmente sgradita ad alcuni residenti della zona, ha incontrato una reazione violenta e inattesa.<\/p>\n<p><b>Oggetti lanciati contro l\u2019inviato<\/b><\/p>\n<p>Secondo quanto si apprende, l\u2019intento della troupe di filmare e porre domande non \u00e8 stato affatto gradito da alcuni individui, i quali, nel tentativo di sfuggire all\u2019attenzione delle telecamere o di interrompere le riprese, hanno reagito in modo aggressivo.<\/p>\n<p>L\u2019episodio ha raggiunto il culmine quando alcuni individui hanno pensato bene di passare alle vie di fatto, <b>lanciando oggetti<\/b> in direzione del giornalista e degli operatori. Nonostante il rischio concreto di essere aggredita, la troupe Mediaset non ha riportato, fortunatamente, feriti gravi, ma i momenti di tensione sono stati estremamente intensi.<\/p>\n<p>La reazione violenta conferma indirettamente la delicatezza e la rilevanza dell\u2019argomento che \u201cLe Iene\u201d stavano cercando di documentare nella periferia cosentina.<\/p>\n<p><b>Presto sui Canali Mediaset<\/b><\/p>\n<p>Quanto accaduto a Cosenza sar\u00e0 sicuramente parte dell\u2019inchiesta e verr\u00e0 portato alla luce sul piccolo schermo. L\u2019episodio e il contenuto dell\u2019indagine saranno presumibilmente svelati nel corso delle prossime puntate del programma, dove il pubblico potr\u00e0 scoprire il motivo che ha scatenato una reazione cos\u00ec forte nella citt\u00e0 dei Bruzi.<\/p>\n<p>L\u2019accaduto riporta l\u2019attenzione sulla complessit\u00e0 di alcune dinamiche territoriali e sulla difficolt\u00e0 che gli operatori dell\u2019informazione incontrano quando cercano di documentare \u201cci\u00f2 che non va\u201d in determinate aree urbane.<\/p>\n","protected":false},"excerpt":{"rendered":"Mattinata di alta tensione e momenti di paura quella vissuta oggi nella citt\u00e0 dei Bruzi. La troupe del&hellip;\n","protected":false},"author":3,"featured_media":144004,"comment_status":"","ping_status":"","sticky":false,"template":"","format":"standard","meta":{"footnotes":""},"categories":[174],"tags":[17050,203,204,1537,90,89,39071],"class_list":{"0":"post-144003","1":"post","2":"type-post","3":"status-publish","4":"format-standard","5":"has-post-thumbnail","7":"category-intrattenimento","8":"tag-cosenza","9":"tag-entertainment","10":"tag-intrattenimento","11":"tag-it","12":"tag-italia","13":"tag-italy","14":"tag-le-iene"},"share_on_mastodon":{"url":"","error":""},"_links":{"self":[{"href":"https:\/\/www.europesays.com\/it\/wp-json\/wp\/v2\/posts\/144003","targetHints":{"allow":["GET"]}}],"collection":[{"href":"https:\/\/www.europesays.com\/it\/wp-json\/wp\/v2\/posts"}],"about":[{"href":"https:\/\/www.europesays.com\/it\/wp-json\/wp\/v2\/types\/post"}],"author":[{"embeddable":true,"href":"https:\/\/www.europesays.com\/it\/wp-json\/wp\/v2\/users\/3"}],"replies":[{"embeddable":true,"href":"https:\/\/www.europesays.com\/it\/wp-json\/wp\/v2\/comments?post=144003"}],"version-history":[{"count":0,"href":"https:\/\/www.europesays.com\/it\/wp-json\/wp\/v2\/posts\/144003\/revisions"}],"wp:featuredmedia":[{"embeddable":true,"href":"https:\/\/www.europesays.com\/it\/wp-json\/wp\/v2\/media\/144004"}],"wp:attachment":[{"href":"https:\/\/www.europesays.com\/it\/wp-json\/wp\/v2\/media?parent=144003"}],"wp:term":[{"taxonomy":"category","embeddable":true,"href":"https:\/\/www.europesays.com\/it\/wp-json\/wp\/v2\/categories?post=144003"},{"taxonomy":"post_tag","embeddable":true,"href":"https:\/\/www.europesays.com\/it\/wp-json\/wp\/v2\/tags?post=144003"}],"curies":[{"name":"wp","href":"https:\/\/api.w.org\/{rel}","templated":true}]}}