{"id":144160,"date":"2025-10-02T19:08:10","date_gmt":"2025-10-02T19:08:10","guid":{"rendered":"https:\/\/www.europesays.com\/it\/144160\/"},"modified":"2025-10-02T19:08:10","modified_gmt":"2025-10-02T19:08:10","slug":"diouf-il-piu-costoso-e-fuori-dalle-rotazioni-i-motivi-contro-la-cremonese","status":"publish","type":"post","link":"https:\/\/www.europesays.com\/it\/144160\/","title":{"rendered":"Diouf, il pi\u00f9 costoso \u00e8 fuori dalle rotazioni: i motivi. Contro la Cremonese&#8230;"},"content":{"rendered":"<p>Il centrocampista francese, arrivato in estate dal Lens, ha esordito subito col Torino alla prima giornata ma poi \u00e8 sparito dai radar<\/p>\n<p>Il centrocampista Andy <a href=\"https:\/\/www.fcinter1908.it\/ultimora\/inter-inserimento-nuovi-diouf\/\" rel=\"nofollow noopener\" target=\"_blank\">Diouf<\/a>, arrivato in estate dal Lens, ha esordito subito col Torino alla prima giornata ma poi \u00e8 sparito dai radar. Chivu lo ha utilizzato solo per 11&#8242; contro i granata, poi non lo ha pi\u00f9 inserito.<\/p>\n<p>&#8220;Diouf vive dentro un tempo che pare curiosamente girare all\u2019incontrario. E&#8217; sbarcato ad Appiano ad agosto inoltrato, con l\u2019etichetta di acquisto pi\u00f9 costoso del mercato nerazzurro appicciata sulla valigia \u2014 25 milioni bonus compresi \u2014, ha subito assaggiato l\u2019Inter e San Siro ma poi si \u00e8 fermato l\u00ec, a quello spicchio di partita contro il Torino.<\/p>\n<p> Da allora in avanti solo panchine, mentre Chivu ruotava e tutti gli altri centrocampisti sfilavano davanti a Diouf. Istituzioni alla Barella, Calhanoglu e Mkhitaryan, certo, ma anche l\u2019altro nuovo arrivato Sucic e poi ancora Frattesi e Zielinski, titolare a sorpresa l\u2019altra sera contro lo Slavia Praga&#8221;, sottolinea La Gazzetta dello Sport.<\/p>\n<p>&#8220;Dopo il successo sui cechi, Chivu si \u00e8 soffermato sui cambi fatti e su quelli mancati proprio a centrocampo, spiegando che l\u2019ingresso dalla panchina di Barella per Zielinski era stato dettato dalle condizioni non ottimali di Frattesi.<\/p>\n<p> \u00abDavide non stava bene, era il mio cambio al posto di Zielinski, ma mi ha detto lui stesso che aveva problemi di stomaco gi\u00e0 da Cagliari\u00bb. Tre nomi per un posto, quindi, ma con Diouf ancora una volta escluso dalla short list del tecnico. <\/p>\n<p>E allora, per capire i motivi di questa posizione in fondo alle gerarchie, pu\u00f2 essere utile pesare tempi e modi di inserimento del francese in un reparto rodato da anni di esperienza. A differenza di Sucic che ha cominciato a lavorare con i nuovi compagni gi\u00e0 a giugno, durante il Mondiale per club americano, Diouf \u00e8 stato l\u2019ultimo centrocampista ad essersi aggregato alla truppa e in questi primi tempi sta probabilmente pagando il ritardo&#8221;.<\/p>\n<p>&#8220;Anche perch\u00e9, a sentire Chivu, il profilo dell\u2019ex Lens \u00e8 perfettamente compatibile con quel 3-5-2 che alla fine \u00e8 rimasto la specialit\u00e0 della casa: <\/p>\n<p>\u00abAndy \u00e8 pi\u00f9 una mezzala, anche se ha una predisposizione a giocare come mediano in un centrocampo a due \u2014 ha spiegato qualche tempo fa il tecnico romeno, che al debutto col Torino lo aveva buttato nella mischia da trequartista \u2014. Da play invece non ho ancora avuto l\u2019occasione di testarlo. Le partite che abbiamo giocato finora non ci hanno permesso di fare un certo tipo di cambio, ma arriver\u00e0 anche il suo momento\u00bb. <\/p>\n<p>Gi\u00e0, da mezzala si era fatto notare ai tempi del Basilea, con un gran gol alla Fiorentina in Conference League, e da mediano ha segnato in nerazzurro contro il Padova, in un test ad Appiano durante la sosta di settembre. Dopodomani a San Siro, invece, arriver\u00e0 la Cremonese e l\u2019Inter si presenter\u00e0 all\u2019appuntamento rigenerata da quattro successi consecutivi. L\u2019ultimo sabato prima della sosta sembra disegnato apposta per Diouf, e a Chivu il coraggio con i giovani di certo non manca. Sar\u00e0 la volta buona?&#8221;, spiega Gazzetta.<\/p>\n<p class=\"is-copyright\">\u00a9 RIPRODUZIONE RISERVATA<\/p>\n","protected":false},"excerpt":{"rendered":"Il centrocampista francese, arrivato in estate dal Lens, ha esordito subito col Torino alla prima giornata ma poi&hellip;\n","protected":false},"author":3,"featured_media":144161,"comment_status":"","ping_status":"","sticky":false,"template":"","format":"standard","meta":{"footnotes":""},"categories":[1452],"tags":[7733,7193,3077,90462,90463,4987,8440,721,6099,3153,7204,2839,5373,6297,9419,2290,90464,90465,1533,90466,90467,1740,3368,15049,1280,90468,90469,5183,1537,90,89,25657,1739,245,244,3971,1641,18860],"class_list":{"0":"post-144160","1":"post","2":"type-post","3":"status-publish","4":"format-standard","5":"has-post-thumbnail","7":"category-calcio","8":"tag-andy","9":"tag-appiano","10":"tag-arrivato","11":"tag-arrivato-estate","12":"tag-arrivato-estate-lens","13":"tag-arrivera","14":"tag-barella","15":"tag-calcio","16":"tag-cambio","17":"tag-centrocampista","18":"tag-centrocampo","19":"tag-chivu","20":"tag-costoso","21":"tag-cremonese","22":"tag-diouf","23":"tag-esordito","24":"tag-esordito-torino","25":"tag-esordito-torino-giornata","26":"tag-estate","27":"tag-estate-lens","28":"tag-estate-lens-esordito","29":"tag-football","30":"tag-francese","31":"tag-frattesi","32":"tag-gazzetta","33":"tag-giornata-sparito","34":"tag-giornata-sparito-radar","35":"tag-giornata","36":"tag-it","37":"tag-italia","38":"tag-italy","39":"tag-lens","40":"tag-soccer","41":"tag-sport","42":"tag-sports","43":"tag-tempi","44":"tag-torino","45":"tag-zielinski"},"share_on_mastodon":{"url":"","error":""},"_links":{"self":[{"href":"https:\/\/www.europesays.com\/it\/wp-json\/wp\/v2\/posts\/144160","targetHints":{"allow":["GET"]}}],"collection":[{"href":"https:\/\/www.europesays.com\/it\/wp-json\/wp\/v2\/posts"}],"about":[{"href":"https:\/\/www.europesays.com\/it\/wp-json\/wp\/v2\/types\/post"}],"author":[{"embeddable":true,"href":"https:\/\/www.europesays.com\/it\/wp-json\/wp\/v2\/users\/3"}],"replies":[{"embeddable":true,"href":"https:\/\/www.europesays.com\/it\/wp-json\/wp\/v2\/comments?post=144160"}],"version-history":[{"count":0,"href":"https:\/\/www.europesays.com\/it\/wp-json\/wp\/v2\/posts\/144160\/revisions"}],"wp:featuredmedia":[{"embeddable":true,"href":"https:\/\/www.europesays.com\/it\/wp-json\/wp\/v2\/media\/144161"}],"wp:attachment":[{"href":"https:\/\/www.europesays.com\/it\/wp-json\/wp\/v2\/media?parent=144160"}],"wp:term":[{"taxonomy":"category","embeddable":true,"href":"https:\/\/www.europesays.com\/it\/wp-json\/wp\/v2\/categories?post=144160"},{"taxonomy":"post_tag","embeddable":true,"href":"https:\/\/www.europesays.com\/it\/wp-json\/wp\/v2\/tags?post=144160"}],"curies":[{"name":"wp","href":"https:\/\/api.w.org\/{rel}","templated":true}]}}