{"id":144311,"date":"2025-10-02T20:47:11","date_gmt":"2025-10-02T20:47:11","guid":{"rendered":"https:\/\/www.europesays.com\/it\/144311\/"},"modified":"2025-10-02T20:47:11","modified_gmt":"2025-10-02T20:47:11","slug":"lega-serie-b-con-komen-italia-per-la-prevenzione","status":"publish","type":"post","link":"https:\/\/www.europesays.com\/it\/144311\/","title":{"rendered":"Lega Serie B con Komen Italia per la prevenzione"},"content":{"rendered":"<p>\u00a0<\/p>\n<p>In occasione del\u00a0<strong>Mese Internazionale di Sensibilizzazione sui Tumori del Seno<\/strong>, la\u00a0<strong>Lega Serie B<\/strong>\u00a0rinnova il proprio impegno al fianco di\u00a0<strong>Komen Italia<\/strong>, sostenendo la sesta edizione della campagna nazionale \u201c<strong>La Prevenzione \u00e8 il nostro capolavoro<\/strong>\u201d realizzata in collaborazione con Sport e Salute e patrocinata dal Senato della Repubblica, dalla Camera dei Deputati, dalla Presidenza del Consiglio dei Ministri, dal Ministero della Salute e dall\u2019ANCI. Obiettivo comune: sensibilizzare l\u2019opinione pubblica sull\u2019importanza della cura della propria salute e l\u2019adozione di stili di vita salutari.<\/p>\n<p>Durante la\u00a0<strong>7a<\/strong>\u00a0giornata della\u00a0<strong>Serie BKT<\/strong>, la Lega Serie B si far\u00e0 promotrice e portavoce della campagna di Komen Italia attraverso una serie di attivit\u00e0 quali messaggio speaker negli stadi, contenuti social veicolati sui canali ufficiali della Lega e delle societ\u00e0, ma soprattutto il \u201c<strong>ribbon rosa<\/strong>\u201d. Le squadre indosseranno infatti l\u2019iconico fiocco simbolo della campagna che, tra l\u2019altro, ha illuminato celebri luoghi storicoartistici del territorio nazionale come il Colosseo, il Teatro Massimo e la Galleria Museo Villa Borghese, ma anche realt\u00e0 istituzionali quali Montecitorio e Palazzo Chigi.<\/p>\n<p>\u201cLa Lega Serie B \u00e8 orgogliosa di affiancare nuovamente Komen Italia e di sostenere la sua battaglia fondamentale contro i tumori al seno\u00a0\u2013 ha dichiarato il Presidente\u00a0<strong>Paolo Bedin<\/strong>\u00a0-.\u00a0Lo sport incarna anche una responsabilit\u00e0 sociale importante e costituisce uno strumento straordinario per veicolare messaggi di prevenzione. Con questa iniziativa desideriamo unire idealmente gli stadi d\u2019Italia, ribadendo quanto sia cruciale prendersi cura della propria salute e promuovendo stili di vita sani\u201d.\u00a0\u00a0\u00a0<\/p>\n<p>&#8220;L&#8217;attivit\u00e0 fisica \u00e8 uno degli elementi fondanti della prevenzione primaria, \u00e8 per questo che per noi di Komen Italia avere al nostro fianco la Lega Serie B \u00e8 motivo di grande orgoglio.&#8221; &#8211; ha dichiarato il fondatore di Komen Italia, il professore\u00a0<strong>Riccardo Masetti<\/strong>. &#8220;Infatti, in occasione della settima giornata di campionato di Serie B, tutti i calciatori scenderanno in campo con il ribbon rosa per diffondere sempre di pi\u00f9 il messaggio di Prevenzione, contribuendo in maniera significativa al successo della campagna &#8220;La Prevenzione \u00e8 il nostro\u00a0capolavoro&#8221;.<\/p>\n<p>Novit\u00e0 centrale di quest\u2019edizione \u00e8 l\u2019organizzazione di\u00a0<strong>14 \u201cVillaggi della Salute\u201d<\/strong>, che si terranno in altrettante citt\u00e0 italiane, principalmente nel Centro-Sud e nelle Isole, fra cui anche alcune citt\u00e0 della Serie BKT come Avellino, Bari e Palermo. Ogni villaggio durer\u00e0\u00a0<strong>due o tre giorni<\/strong>, ospitando\u00a0<strong>almeno quattro Unit\u00e0 Mobili<\/strong>\u00a0della\u00a0<strong>Carovana della Prevenzione<\/strong>\u00a0per offrire:<\/p>\n<ul>\n<li><strong>Visite senologiche gratuite<\/strong>\u00a0a donne in condizioni di fragilit\u00e0, anche al di fuori dei programmi regionali di screening;<\/li>\n<li><strong>450 mammografie<\/strong>\u00a0e\u00a0<strong>150 ecografie mammarie<\/strong>\u00a0per ciascuna tappa;<\/li>\n<li><strong>Attivit\u00e0 di prevenzione primaria<\/strong>: lezioni di sport e fitness, laboratori sulla sana alimentazione e il benessere psicologico;<\/li>\n<li><strong>Attivit\u00e0 educative e divulgative<\/strong>: incontri nelle scuole, mini-convegni scientifici e momenti culturali dedicati alla prevenzione.<\/li>\n<\/ul>\n<p>Ciascun evento sar\u00e0 inaugurato alla presenza delle autorit\u00e0 locali, sottolineando il coinvolgimento delle istituzioni sul territorio.<\/p>\n<p><strong>L\u2019impegno di Komen<\/strong>\u00a0&#8211; L\u2019Associazione Komen Italia \u00e8 un\u2019organizzazione basata sul volontariato, da oltre 25 anni in prima linea nella lotta dei tumori al seno sul territorio nazionale. Tale neoplasia rappresenta ancora oggi la\u00a0<strong>prima causa di incidenza e mortalit\u00e0 oncologica tra le donne (1 donna su 9 sviluppa un tumore del seno nel corso della propria vita)<\/strong>. Tuttavia, la prevenzione, in tutte le sue forme, si conferma uno strumento fondamentale per contrastare efficacemente questa problematica. Grazie ad una fitta rete di oltre 2.000 volontari, Komen Italia ha effettuato finora pi\u00f9 di 1.800 tappe della \u201cCarovana della Prevenzione\u201d, offrendo a quasi 300.000 donne prestazioni mediche gratuite. Con la diagnosi precoce \u00e8 possibile curare meglio la malattia, con percorsi di cura meno invasivi e con percentuali di guarigione che possono superare il 90%.<\/p>\n<p>\u00a0<\/p>\n<p>\u00a0<\/p>\n","protected":false},"excerpt":{"rendered":"\u00a0 In occasione del\u00a0Mese Internazionale di Sensibilizzazione sui Tumori del Seno, la\u00a0Lega Serie B\u00a0rinnova il proprio impegno al&hellip;\n","protected":false},"author":3,"featured_media":144312,"comment_status":"","ping_status":"","sticky":false,"template":"","format":"standard","meta":{"footnotes":""},"categories":[1480],"tags":[1944,239,1537,90,89,240,1942,1943,1940,1941],"class_list":{"0":"post-144311","1":"post","2":"type-post","3":"status-publish","4":"format-standard","5":"has-post-thumbnail","7":"category-salute-femminile","8":"tag-femminile","9":"tag-health","10":"tag-it","11":"tag-italia","12":"tag-italy","13":"tag-salute","14":"tag-salute-femminile","15":"tag-salutefemminile","16":"tag-womens-health","17":"tag-womenshealth"},"share_on_mastodon":{"url":"","error":""},"_links":{"self":[{"href":"https:\/\/www.europesays.com\/it\/wp-json\/wp\/v2\/posts\/144311","targetHints":{"allow":["GET"]}}],"collection":[{"href":"https:\/\/www.europesays.com\/it\/wp-json\/wp\/v2\/posts"}],"about":[{"href":"https:\/\/www.europesays.com\/it\/wp-json\/wp\/v2\/types\/post"}],"author":[{"embeddable":true,"href":"https:\/\/www.europesays.com\/it\/wp-json\/wp\/v2\/users\/3"}],"replies":[{"embeddable":true,"href":"https:\/\/www.europesays.com\/it\/wp-json\/wp\/v2\/comments?post=144311"}],"version-history":[{"count":0,"href":"https:\/\/www.europesays.com\/it\/wp-json\/wp\/v2\/posts\/144311\/revisions"}],"wp:featuredmedia":[{"embeddable":true,"href":"https:\/\/www.europesays.com\/it\/wp-json\/wp\/v2\/media\/144312"}],"wp:attachment":[{"href":"https:\/\/www.europesays.com\/it\/wp-json\/wp\/v2\/media?parent=144311"}],"wp:term":[{"taxonomy":"category","embeddable":true,"href":"https:\/\/www.europesays.com\/it\/wp-json\/wp\/v2\/categories?post=144311"},{"taxonomy":"post_tag","embeddable":true,"href":"https:\/\/www.europesays.com\/it\/wp-json\/wp\/v2\/tags?post=144311"}],"curies":[{"name":"wp","href":"https:\/\/api.w.org\/{rel}","templated":true}]}}