{"id":144383,"date":"2025-10-02T21:35:16","date_gmt":"2025-10-02T21:35:16","guid":{"rendered":"https:\/\/www.europesays.com\/it\/144383\/"},"modified":"2025-10-02T21:35:16","modified_gmt":"2025-10-02T21:35:16","slug":"il-papa-lia-non-sostituisce-un-medico-importante-il-rapporto-con-il-paziente","status":"publish","type":"post","link":"https:\/\/www.europesays.com\/it\/144383\/","title":{"rendered":"Il Papa: l&#8217;IA non sostituisce un medico, importante il rapporto con il paziente"},"content":{"rendered":"<p>In udienza con i membri della Confederazione Medica Latino-Iberoamericana e dei Caraibi (CONFEMEL), Leone XIV sottolinea come \u201cil dialogo\u201d e la presenza fisica sono fondamentali nel rapporto tra coloro che curano e coloro che ricevono le cure. Cita la figura del beato venezuelano Jos\u00e9 Gregorio Hern\u00e1ndez, \u201cil medico dei poveri\u201d che sar\u00e0 canonizzato il prossimo 19 ottobre, quale \u201cbuon esempio\u201d da seguire<\/p>\n<p><b>Isabella H. de Carvalho \u2013 Citt\u00e0 del Vaticano<\/b><\/p>\n<p>\u201cIl dialogo, la comunicazione e il contatto fisico devono essere sempre presenti nella relazione terapeutica\u201d, l\u2019Intelligenza Artificiale \u201cnon potr\u00e0 mai occupare il posto del medico\u201d e \u201cl\u2019algoritmo non potr\u00e0 mai sostituire un gesto di vicinanza o una parola di consolazione\u201d. Leone XIV invita i membri della Confederazione Medica Latino-Iberoamericana e dei Caraibi (Confemel), a riflettere sull\u2019importanza fondamentale del rapporto umano tra dottori e pazienti in un mondo in cui le relazioni si appoggiano sempre di pi\u00f9 sulla tecnologia. Il Pontefice incontra i membri dell\u2019organismo, che rappresenta oltre due milioni di medici in tutta l\u2019America latina, in udienza questa mattina, 2 ottobre, nella Sala del Concistoro del Palazzo Apostolico, pronunciando <a href=\"https:\/\/www.vatican.va\/content\/leo-xiv\/it\/speeches\/2025\/october\/documents\/20251002-confemel.html\" target=\"_blank\" rel=\"external nofollow noopener\">il suo discorso<\/a> in spagnolo. Nonostante l\u2019IA \u201cpu\u00f2 e deve essere un grande aiuto per migliorare l\u2019assistenza clinica\u201d, non potr\u00e0 mai prendere il posto di dottori, sottolinea il Papa, incoraggiando i partecipanti \u201cad approfondire l\u2019importanza del rapporto medico-paziente\u201d, ovvero \u201cun rapporto tra due persone, con i loro corpi e la loro interiorit\u00e0, con la loro storia\u201d. Citando Benedetto XVI, ricorda che i medici sono \u201c\u2018riserve di amore\u2019, che recano serenit\u00e0 e speranza ai sofferenti\u201d.<\/p>\n<p>L\u2019esempio del futuro santo Jos\u00e9 Gregorio Hern\u00e1ndez <\/p>\n<p>Il Papa indica poi come fonte di ispirazione per il Confemel una importante figura dell&#8217;America Latina che ha \u201csaputo dedicare la propria vita al bene dei loro pazienti\u201d: Jos\u00e9 Gregorio Hern\u00e1ndez, il &#8220;beato Cisneros&#8221;, uno dei medici pi\u00f9 conosciuti in Venezuela all\u2019inizio del XX secolo che sar\u00e0 canonizzato il prossimo 19 ottobre da Leone XIV in Piazza San Pietro. \u201cLo considero un buon esempio per voi\u201d, afferma il Papa, \u201cpoich\u00e9 seppe coniugare la sua alta competenza medica con la sua dedizione ai pi\u00f9 bisognosi, il che gli valse il titolo di \u2018medico dei poveri\u2019\u201d.<\/p>\n<p>     <a href=\"https:\/\/www.vaticannews.va\/it\/chiesa\/news\/2025-06\/jose-gregorio-hernandez-madre-carmen-rendiles-santi.html\" title=\"Jos\u00e9 Gregorio Hern\u00e1ndez e madre Carmen, \u201csanti del Venezuela per tutto il mondo&quot;\" rel=\"nofollow noopener\" target=\"_blank\"><\/p>\n<p>        <img decoding=\"async\" src=\"data:image\/gif;base64,R0lGODlhAQABAIAAAAAAAP\/\/\/yH5BAEAAAAALAAAAAABAAEAAAIBRAA7\" data-original=\"https:\/\/www.vaticannews.va\/content\/dam\/vaticannews\/agenzie\/images\/ansa\/2025\/02\/25\/21\/1740516213310.jpg\/_jcr_content\/renditions\/cq5dam.thumbnail.cropped.500.281.jpeg\" alt=\"Jos\u00e9 Gregorio Hern\u00e1ndez e madre Carmen, \u201csanti del Venezuela per tutto il mondo&quot;\"\/><\/p>\n<p>      <\/a><\/p>\n<p>\n      L&#8217;arcivescovo di Caracas, Ra\u00fal Biord Castillo, in un&#8217;intervista ai media vaticani presenta i primi santi venezuelani: \u201cLa loro canonizzazione, una grande festa per tutto il Paese&#8221;\n     <\/p>\n<p>L\u2019importanza della \u201cparola\u201d e della \u201ccarne\u201d <\/p>\n<p>Nella giornata in cui la Chiesa celebra i Santi Angeli Custodi, il Pontefice evidenzia inoltre come il \u201crapporto medico-paziente, che si basa sul contatto personale e sulla cura della salute\u201d \u00e8 simile a quello degli angeli che \u201cci custodiscono e proteggono nel cammino della vita\u201d. Cita infine le parole di Sant\u2019Agostino che si riferiscono a Cristo come cura e curante: &#8220;Egli \u00e8 medico perch\u00e9 \u00e8 parola e medicina perch\u00e9 \u00e8 parola fatta carne\u201d. Il Papa insiste infatti come \u201cla \u2018parola\u2019 e la \u2018carne\u2019 sono fondamentali\u201d nel rapporto tra i professionisti sanitari e coloro che hanno bisogno di assistenza. Il dialogo e la vicinanza fisica, continua, sono essenziali \u201cal di l\u00e0 degli strumenti e dei dispositivi utilizzati per curare le malattie\u201d.<\/p>\n<p>Da qui un grazie ai medici della Confederazione medica per la loro \u201cinstancabile opera\u201d, insieme all&#8217;incoraggiamento dinanzi alle \u201cgrandi e stimolanti sfide, che vanno affrontate con speranza\u201d.<\/p>\n<p>\u00c8 molto importante questo rapporto e questa possibilit\u00e0 di vita e speranza che voi offrite anche a tutti i vostri pazienti, a tutti i malati.<\/p>\n","protected":false},"excerpt":{"rendered":"In udienza con i membri della Confederazione Medica Latino-Iberoamericana e dei Caraibi (CONFEMEL), Leone XIV sottolinea come \u201cil&hellip;\n","protected":false},"author":3,"featured_media":144384,"comment_status":"","ping_status":"","sticky":false,"template":"","format":"standard","meta":{"footnotes":""},"categories":[160],"tags":[41222,14,164,165,79005,166,7,15,1358,13545,11,167,12,168,45671,161,162,163],"class_list":{"0":"post-144383","1":"post","2":"type-post","3":"status-publish","4":"format-standard","5":"has-post-thumbnail","7":"category-mondo","8":"tag-america-latina","9":"tag-cronaca","10":"tag-dal-mondo","11":"tag-dalmondo","12":"tag-medicina-e-salute","13":"tag-mondo","14":"tag-news","15":"tag-notizie","16":"tag-papa-leone-xiv","17":"tag-santi-e-beati","18":"tag-ultime-notizie","19":"tag-ultime-notizie-di-mondo","20":"tag-ultimenotizie","21":"tag-ultimenotiziedimondo","22":"tag-venezuela","23":"tag-world","24":"tag-world-news","25":"tag-worldnews"},"share_on_mastodon":{"url":"","error":""},"_links":{"self":[{"href":"https:\/\/www.europesays.com\/it\/wp-json\/wp\/v2\/posts\/144383","targetHints":{"allow":["GET"]}}],"collection":[{"href":"https:\/\/www.europesays.com\/it\/wp-json\/wp\/v2\/posts"}],"about":[{"href":"https:\/\/www.europesays.com\/it\/wp-json\/wp\/v2\/types\/post"}],"author":[{"embeddable":true,"href":"https:\/\/www.europesays.com\/it\/wp-json\/wp\/v2\/users\/3"}],"replies":[{"embeddable":true,"href":"https:\/\/www.europesays.com\/it\/wp-json\/wp\/v2\/comments?post=144383"}],"version-history":[{"count":0,"href":"https:\/\/www.europesays.com\/it\/wp-json\/wp\/v2\/posts\/144383\/revisions"}],"wp:featuredmedia":[{"embeddable":true,"href":"https:\/\/www.europesays.com\/it\/wp-json\/wp\/v2\/media\/144384"}],"wp:attachment":[{"href":"https:\/\/www.europesays.com\/it\/wp-json\/wp\/v2\/media?parent=144383"}],"wp:term":[{"taxonomy":"category","embeddable":true,"href":"https:\/\/www.europesays.com\/it\/wp-json\/wp\/v2\/categories?post=144383"},{"taxonomy":"post_tag","embeddable":true,"href":"https:\/\/www.europesays.com\/it\/wp-json\/wp\/v2\/tags?post=144383"}],"curies":[{"name":"wp","href":"https:\/\/api.w.org\/{rel}","templated":true}]}}