{"id":144687,"date":"2025-10-03T01:28:15","date_gmt":"2025-10-03T01:28:15","guid":{"rendered":"https:\/\/www.europesays.com\/it\/144687\/"},"modified":"2025-10-03T01:28:15","modified_gmt":"2025-10-03T01:28:15","slug":"stefano-de-martino-la-presa-di-posizione-dopo-il-blocco-della-flotilla","status":"publish","type":"post","link":"https:\/\/www.europesays.com\/it\/144687\/","title":{"rendered":"Stefano De Martino, la presa di posizione dopo il blocco della Flotilla"},"content":{"rendered":"<p>Stefano De Martino sembrerebbe aver preso posizione in merito a quanto successo ieri notte alla Global Sumud Flotilla, bloccata dall&#8217;esercito israeliano mentre cercava di portare cibo e prodotti di prima necessit\u00e0 alla popolazione civile di Gaza.<\/p>\n<p>Dopo <a href=\"https:\/\/www.today.it\/vision\/musica\/flotilla-elisa.html\" rel=\"nofollow noopener\" target=\"_blank\">Elisa<\/a>, che ha condiviso sui social il suo accorato appello chiedendo a Giorgia Meloni di intervenire, anche il conduttore di Affari tuoi sembrerebbe essersi schierato.<\/p>\n<p>Nelle sue storie Instagram, De Martino ha condiviso la poesia \u201cIl cielo \u00e8 di tutti\u201d di Gianni Rodari. Una poesia per bambini che per\u00f2 insegna anche ai grandi i valori dell&#8217;inclusione, dell&#8217;accettazione della diversit\u00e0 e soprattutto del rispetto. Parole che spingono a domandarsi perch\u00e9 esistano le discriminazioni e le disuguaglianze. Un riferimento evidente a quanto accade a Gaza &#8211; ma applicabile a qualsiasi guerra &#8211; si trova negli ultimi versi: \u201cSpiegatemi voi dunque, in prosa od in versetti, perch\u00e9 il cielo \u00e8 uno solo e la terra \u00e8 tutta a pezzetti\u201d. Per questi motivi, la condivisione di Stefano appare come una presa di posizione.<\/p>\n<p>La poesia di Rodari condivisa da Stefano De Martino<\/p>\n<p>Qualcuno che la sa lunga<br \/>mi spieghi questo mistero:<br \/>il cielo \u00e8 di tutti gli occhi<br \/>di ogni occhio \u00e8 il cielo intero.<\/p>\n<p>\u00c8 mio, quando lo guardo.<br \/>\u00c8 del vecchio, del bambino,<br \/>del re, dell\u2019ortolano,<br \/>del poeta, dello spazzino.<\/p>\n<p>Non c\u2019\u00e8 povero tanto povero<br \/>che non ne sia il padrone.<br \/>Il coniglio spaurito<br \/>ne ha quanto il leone.<\/p>\n<p>Il cielo \u00e8 di tutti gli occhi,<br \/>ed ogni occhio, se vuole,<br \/>si prende la luna intera,<br \/>le stelle comete, il sole.<\/p>\n<p>Ogni occhio si prende ogni cosa<br \/>e non manca mai niente:<br \/>chi guarda il cielo per ultimo<br \/>non lo trova meno splendente.<\/p>\n<p>Spiegatemi voi dunque,<br \/>in prosa od in versetti,<br \/>perch\u00e9 il cielo \u00e8 uno solo<br \/>e la terra \u00e8 tutta a pezzetti.<\/p>\n<p>\u00a0<\/p>\n<p><a href=\"https:\/\/www.today.it\/vision\/musica\/flotilla-elisa.html\" target=\"_blank\" rel=\"nofollow noopener\">Bloccata la Flotilla, Elisa in lacrime contro Giorgia Meloni: &#8220;E allora portate voi gli aiuti&#8221;. Il video<\/a><\/p>\n<p><img decoding=\"async\" src=\"https:\/\/www.europesays.com\/it\/wp-content\/uploads\/2025\/10\/de-martino-flotilla.png\" alt=\"La storia di Stefano De Martino, foto da Instagram\" title=\"La storia di Stefano De Martino, foto da Instagram\"\/><\/p>\n","protected":false},"excerpt":{"rendered":"Stefano De Martino sembrerebbe aver preso posizione in merito a quanto successo ieri notte alla Global Sumud Flotilla,&hellip;\n","protected":false},"author":3,"featured_media":144688,"comment_status":"","ping_status":"","sticky":false,"template":"","format":"standard","meta":{"footnotes":""},"categories":[1451],"tags":[1621,1620,203,13989,204,1537,90,89,1766],"class_list":{"0":"post-144687","1":"post","2":"type-post","3":"status-publish","4":"format-standard","5":"has-post-thumbnail","7":"category-celebrita","8":"tag-celebrita","9":"tag-celebrities","10":"tag-entertainment","11":"tag-flotilla","12":"tag-intrattenimento","13":"tag-it","14":"tag-italia","15":"tag-italy","16":"tag-stefano-de-martino"},"share_on_mastodon":{"url":"","error":""},"_links":{"self":[{"href":"https:\/\/www.europesays.com\/it\/wp-json\/wp\/v2\/posts\/144687","targetHints":{"allow":["GET"]}}],"collection":[{"href":"https:\/\/www.europesays.com\/it\/wp-json\/wp\/v2\/posts"}],"about":[{"href":"https:\/\/www.europesays.com\/it\/wp-json\/wp\/v2\/types\/post"}],"author":[{"embeddable":true,"href":"https:\/\/www.europesays.com\/it\/wp-json\/wp\/v2\/users\/3"}],"replies":[{"embeddable":true,"href":"https:\/\/www.europesays.com\/it\/wp-json\/wp\/v2\/comments?post=144687"}],"version-history":[{"count":0,"href":"https:\/\/www.europesays.com\/it\/wp-json\/wp\/v2\/posts\/144687\/revisions"}],"wp:featuredmedia":[{"embeddable":true,"href":"https:\/\/www.europesays.com\/it\/wp-json\/wp\/v2\/media\/144688"}],"wp:attachment":[{"href":"https:\/\/www.europesays.com\/it\/wp-json\/wp\/v2\/media?parent=144687"}],"wp:term":[{"taxonomy":"category","embeddable":true,"href":"https:\/\/www.europesays.com\/it\/wp-json\/wp\/v2\/categories?post=144687"},{"taxonomy":"post_tag","embeddable":true,"href":"https:\/\/www.europesays.com\/it\/wp-json\/wp\/v2\/tags?post=144687"}],"curies":[{"name":"wp","href":"https:\/\/api.w.org\/{rel}","templated":true}]}}