{"id":144771,"date":"2025-10-03T02:27:10","date_gmt":"2025-10-03T02:27:10","guid":{"rendered":"https:\/\/www.europesays.com\/it\/144771\/"},"modified":"2025-10-03T02:27:10","modified_gmt":"2025-10-03T02:27:10","slug":"come-tre-generazioni-di-una-famiglia-sono-diventate-adulte-in-carcere","status":"publish","type":"post","link":"https:\/\/www.europesays.com\/it\/144771\/","title":{"rendered":"come tre generazioni di una famiglia sono diventate adulte in carcere"},"content":{"rendered":"<p>Una manifestazione, in <strong>piazza San Giovanni a Roma<\/strong>, nel 2011. Una manifestazione degli<strong> \u201cindignados\u201d<\/strong>, il movimento che raccoglieva in tutto il mondo giovani contro, contro le politiche dei governi, contro le multinazionali, contro la polizia. La manifestazione diviene violenta. Uno di quei ragazzi, <strong>Giacomo Spinelli<\/strong>, diciannovenne, tira un palo di legno contro una camionetta della polizia. Mesi dopo la Digos verr\u00e0 a prenderlo a casa. Ne seguir\u00e0 un <strong>processo infinito, durato undici anni<\/strong>, undici anni nel corso dei quali quel ragazzo non potr\u00e0 sapere quale sia il suo destino. Verr\u00e0 poi <strong>condannato a sei anni e mezzo di carcere<\/strong>, per tentato omicidio. Ma quel momento, paradossalmente, sar\u00e0 quasi una liberazione per lui. Che si costituisce nel <strong>carcere di Bollate<\/strong>, dove studier\u00e0, prendendo una seconda laurea.<\/p>\n<p>Adesso quel ragazzo \u00e8 ai domiciliari, a <strong>Roma<\/strong>. Suo fratello, <strong>Lorenzo Spinelli<\/strong>, una laurea in Antropologia e un diploma al Centro sperimentale di cinematografia, ha scritto sulla sua storia un documentario, che ha vinto ieri il premio Solinas documentari. Il <strong>premio Solinas <\/strong>\u00e8 il pi\u00f9 importante riconoscimento italiano dedicato alla scrittura cinematografica. Il documentario \u2013 per adesso sulla carta \u2013 si chiama<strong> \u201cIl tempo sospeso\u201d<\/strong>. E non racconta solo la storia di suo fratello, ma anche quella di suo padre e di suo nonno. Tutti finiti in carcere, tutti a diciannove anni. Tutti protagonisti di episodi di resistenza al potere.<\/p>\n<p>Approfondisci:<\/p>\n<p><a href=\"https:\/\/luce.lanazione.it\/spettacolo\/goliarda-sapienza-fuori-f9655ee5\" class=\"ArticleEmbed_article__embed__content__Jzqnz\" rel=\"nofollow noopener\" target=\"_blank\">Quando il vero carcere \u00e8 \u201cFuori\u201d. Mario Martone rende omaggio a Goliarda Sapienza<img alt=\"Quando il vero carcere \u00e8 \u201cFuori\u201d. Mario Martone rende omaggio a Goliarda Sapienza\" loading=\"lazy\" width=\"140\" height=\"78\" decoding=\"async\" data-nimg=\"1\" style=\"color:transparent\"  src=\"https:\/\/www.europesays.com\/it\/wp-content\/uploads\/2025\/10\/mario-martone-con-fuori-parlo-di-liberta.webp\"\/><\/a> <\/p>\n<p><strong>Di che cosa parla \u201cIl tempo sospeso\u201d?<\/strong><\/p>\n<p>\u201cPrima di tutto \u00e8 la storia di mio fratello, che a distanza di 15 anni decide di ritornare a parlare di un gesto violento che ha commesso durante una manifestazione, e che lo ha lasciato in sospeso a causa di un processo durato undici anni. Insieme a lui, stiamo cercando di raccontare la sua storia e un po\u2019 anche la storia della sua generazione\u201d.<\/p>\n<p><strong>Tuo fratello quanti anni ha?<\/strong><\/p>\n<p>\u201cAdesso ha trentatr\u00e9 anni. Partecip\u00f2 a una manifestazione degli indignados, un movimento che aveva attraversato tutto il pianeta, dalla Spagna a Occupy Wall Street all\u2019Italia. Quella di Roma fu l\u2019ultima grande manifestazione del movimento\u201d.<\/p>\n<p><strong>Fu una manifestazione violenta.<\/strong><\/p>\n<p>\u201cS\u00ec. In migliaia parteciparono, con scontri molto violenti. Mio fratello fu filmato dalle telecamere della Digos mentre lanciava un palo di legno contro una camionetta dei carabinieri\u201d.<\/p>\n<p><strong>Mesi dopo, arrivarono ad arrestarlo.<\/strong><\/p>\n<p>\u201cS\u00ec. E il processo che ne \u00e8 seguito \u00e8 stato molto lungo, e lui per tanti anni non ha potuto prendere delle decisioni rispetto alla propria vita. Ha vissuto con una spada di Damocle sopra la sua testa, e la mia famiglia insieme a lui. Da qui il titolo del documentario, \u2018Il tempo sospeso\u2019\u201d.<\/p>\n<p><strong>Come mai il processo \u00e8 stato cos\u00ec lungo?<\/strong><\/p>\n<p>\u201cSono i tempi dei fascicoli della burocrazia italiana, che se da un lato servono per stabilire con certezza la colpevolezza o meno di un individuo, dall\u2019altra determinano un non-tempo, quello della sospensione del giudizio\u201d.<\/p>\n<p><strong>Tuo fratello andava ancora a scuola.<\/strong><\/p>\n<p>\u201cS\u00ec. Venne arrestato ad aprile 2012. Gli venne data la possibilit\u00e0 di continuare la scuola, poi \u00e8 stato ai domiciliari, poi gli sono stati tolti. \u00c8 stato un uomo libero fino alla condanna, nel 2022. Lui \u00e8 stato condannato insieme ad altre 14 persone, ed \u00e8 quello che ha avuto la pena pi\u00f9 alta di tutti\u201d.<\/p>\n<p><strong>Per che cosa esattamente \u00e8 stato condannato?<\/strong><\/p>\n<p>\u201cTentato omicidio, devastazione e saccheggio. Qualcuno, durante la manifestazione, apr\u00ec il portellone della camionetta dei carabinieri, e mio fratello senza neanche guardare tir\u00f2 il palo di legno all\u2019interno. Il carabiniere che era all\u2019interno dice che in quel momento pens\u00f2 di morire. E io devo dire che le immagini filmate dall\u2019elicottero della polizia sono molto violente. Quei filmati faranno parte del documentario\u201d.<\/p>\n<p><strong>Tuo fratello ha riflettuto su quello che ha fatto?<\/strong><\/p>\n<p>\u201cCerto. Non rifarebbe una cosa del genere. \u00c8 un gesto di tre secondi che gli ha cambiato la vita, per sempre\u201d.<\/p>\n<p><strong>Faceva parte di qualche gruppo politico giovanile?<\/strong><\/p>\n<p>\u201cNo, era l\u00ec come singolo. \u00c8 una manifestazione, quella, in cui in tanti si lasciarono trascinare\u201d.<\/p>\n<p><strong>La condanna, in qualche modo, sembra essere stata una liberazione.<\/strong><\/p>\n<p>\u201cS\u00ec, in qualche modo s\u00ec. Per mio fratello era importante conoscere il proprio futuro, che poteva essere il carcere o la libert\u00e0. \u00c8 stato il carcere, ma \u00e8 stato peggio prima, per lui\u201d.<\/p>\n<p><strong>\u00c8 andato a costituirsi nel carcere di Bollate.<\/strong><\/p>\n<p>\u201c\u00c8 andato subito l\u00ec, perch\u00e9 \u00e8 probabilmente il carcere migliore d\u2019Italia. Dopo poco ha avuto la possibilit\u00e0 di studiare, di iscriversi all\u2019universit\u00e0. Si \u00e8 laureato per la seconda volta in carcere, in Storia. E ha cominciato a lavorare su nostro nonno, Veniero Spinelli\u201d.<\/p>\n<p><strong>Veniero Spinelli non era parente di Altiero Spinelli, il padre del manifesto di Ventotene, il documento fondatore dell\u2019Europa unita?<\/strong><\/p>\n<p>\u201cEra il fratello. Un antifascista da subito, che fu arrestato a diciannove anni \u2013 come mio padre Italo Spinelli, come mio fratello Giacomo\u201d.<\/p>\n<p><strong>Tuo padre perch\u00e9 fin\u00ec in carcere a 19 anni?<\/strong><\/p>\n<p>\u201cEra il 1970: fecero una specie di \u2018processo\u2019 a un insegnante di destra della scuola, un po\u2019 sull\u2019onda della Rivoluzione culturale di Mao Tse Tung. Il giorno dopo fu arrestato per sequestro di persona\u201d.<\/p>\n<p><strong>Tutti arrestati alla stessa et\u00e0. Tuo nonno quando fu arrestato?<\/strong><\/p>\n<p>\u201cNel 1920. Mio nonno poi \u00e8 fuggito in Francia, ha combattuto in Spagna contro i fascisti di Franco, \u00e8 emigrato in America, \u00e8 tornato in Italia con gli Alleati. Mio fratello sta scrivendo un libro su di lui\u201d.<\/p>\n<p><strong>Alla fine qual \u00e8 il tema del film?<\/strong><\/p>\n<p>\u201cUna linea maschile di violenze e di galere, che attraversa tre generazioni. Una storia che riflette sulla rabbia che hai a vent\u2019anni, una rabbia che ha a che fare anche con la societ\u00e0 in cui viviamo\u201d.<\/p>\n<p><strong>Come vorresti strutturare il documentario?<\/strong><\/p>\n<p>\u201cVorrei raccontare le rabbie, le frustrazioni, le paure di quel momento, delle rivolte giovanili del 2011. E vorrei raccontare la storia di mio nonno, attraverso il lavoro che mio fratello sta scrivendo. Un romanzo storico su Veniero Spinelli\u201d.<\/p>\n<p><strong>Oggi tuo fratello \u00e8 ai domiciliari?<\/strong><\/p>\n<p>\u201cS\u00ec: ha dei momenti durante il giorno in cui pu\u00f2 uscire, e la sera deve sempre rientrare a casa. Ancora per un anno e mezzo. Ha scontato due anni e mezzo a Bollate, un anno e qualche mese di domiciliari. E lo attende un altro anno e mezzo di domiciliari\u201d.<\/p>\n<p><strong>\u00c8 un ragazzo tranquillo?<\/strong><\/p>\n<p>\u201cS\u00ec. Quello \u00e8 l\u2019unico atto violento che ha compiuto nella vita\u201d.   \u00a0<\/p>\n","protected":false},"excerpt":{"rendered":"Una manifestazione, in piazza San Giovanni a Roma, nel 2011. Una manifestazione degli \u201cindignados\u201d, il movimento che raccoglieva&hellip;\n","protected":false},"author":3,"featured_media":144772,"comment_status":"","ping_status":"","sticky":false,"template":"","format":"standard","meta":{"footnotes":""},"categories":[1442],"tags":[90655,874,4417,203,1909,454,10814,204,1537,90,89,1521,79136,90654],"class_list":{"0":"post-144771","1":"post","2":"type-post","3":"status-publish","4":"format-standard","5":"has-post-thumbnail","7":"category-film","8":"tag-adulte","9":"tag-carcere","10":"tag-diventate","11":"tag-entertainment","12":"tag-famiglia","13":"tag-film","14":"tag-generazioni","15":"tag-intrattenimento","16":"tag-it","17":"tag-italia","18":"tag-italy","19":"tag-movies","20":"tag-sospesi","21":"tag-spinelli"},"share_on_mastodon":{"url":"","error":""},"_links":{"self":[{"href":"https:\/\/www.europesays.com\/it\/wp-json\/wp\/v2\/posts\/144771","targetHints":{"allow":["GET"]}}],"collection":[{"href":"https:\/\/www.europesays.com\/it\/wp-json\/wp\/v2\/posts"}],"about":[{"href":"https:\/\/www.europesays.com\/it\/wp-json\/wp\/v2\/types\/post"}],"author":[{"embeddable":true,"href":"https:\/\/www.europesays.com\/it\/wp-json\/wp\/v2\/users\/3"}],"replies":[{"embeddable":true,"href":"https:\/\/www.europesays.com\/it\/wp-json\/wp\/v2\/comments?post=144771"}],"version-history":[{"count":0,"href":"https:\/\/www.europesays.com\/it\/wp-json\/wp\/v2\/posts\/144771\/revisions"}],"wp:featuredmedia":[{"embeddable":true,"href":"https:\/\/www.europesays.com\/it\/wp-json\/wp\/v2\/media\/144772"}],"wp:attachment":[{"href":"https:\/\/www.europesays.com\/it\/wp-json\/wp\/v2\/media?parent=144771"}],"wp:term":[{"taxonomy":"category","embeddable":true,"href":"https:\/\/www.europesays.com\/it\/wp-json\/wp\/v2\/categories?post=144771"},{"taxonomy":"post_tag","embeddable":true,"href":"https:\/\/www.europesays.com\/it\/wp-json\/wp\/v2\/tags?post=144771"}],"curies":[{"name":"wp","href":"https:\/\/api.w.org\/{rel}","templated":true}]}}