{"id":144799,"date":"2025-10-03T02:48:14","date_gmt":"2025-10-03T02:48:14","guid":{"rendered":"https:\/\/www.europesays.com\/it\/144799\/"},"modified":"2025-10-03T02:48:14","modified_gmt":"2025-10-03T02:48:14","slug":"paura-per-criscitiello-rapinato-dentro-la-sua-porsche-uno-e-entrato-e","status":"publish","type":"post","link":"https:\/\/www.europesays.com\/it\/144799\/","title":{"rendered":"Paura per Criscitiello: rapinato dentro la sua Porsche. Uno \u00e8 entrato e&#8230;"},"content":{"rendered":"<p>Attimi di paura per Michele Criscitiello, direttore di Sportitalia e presidente della societ\u00e0 calcistica Folgore Caratese<\/p>\n<p>Attimi di paura per <strong>Michele Criscitiello<\/strong>, direttore di Sportitalia e presidente della societ\u00e0 calcistica Folgore Caratese. Come riporta Milano Today, infatti, il giornalista \u00e8 stato derubato a Sesto San Giovanni nella mattinata di gioved\u00ec 2 ottobre: <strong><a href=\"https:\/\/www.golssip.it\/news\/michele-criscitiello-rapinato-rolex\/\" rel=\"nofollow noopener\" target=\"_blank\">CONTINUA A LEGGERE<\/a><\/strong><\/p>\n<p class=\"is-copyright\">\u00a9 RIPRODUZIONE RISERVATA<\/p>\n","protected":false},"excerpt":{"rendered":"Attimi di paura per Michele Criscitiello, direttore di Sportitalia e presidente della societ\u00e0 calcistica Folgore Caratese Attimi di&hellip;\n","protected":false},"author":3,"featured_media":144800,"comment_status":"","ping_status":"","sticky":false,"template":"","format":"standard","meta":{"footnotes":""},"categories":[1452],"tags":[80891,90662,90663,721,90661,1740,1537,90,89,5238,1739,245,244],"class_list":{"0":"post-144799","1":"post","2":"type-post","3":"status-publish","4":"format-standard","5":"has-post-thumbnail","7":"category-calcio","8":"tag-attimi","9":"tag-attimi-paura","10":"tag-attimi-paura-michele","11":"tag-calcio","12":"tag-criscitiello","13":"tag-football","14":"tag-it","15":"tag-italia","16":"tag-italy","17":"tag-paura","18":"tag-soccer","19":"tag-sport","20":"tag-sports"},"share_on_mastodon":{"url":"","error":""},"_links":{"self":[{"href":"https:\/\/www.europesays.com\/it\/wp-json\/wp\/v2\/posts\/144799","targetHints":{"allow":["GET"]}}],"collection":[{"href":"https:\/\/www.europesays.com\/it\/wp-json\/wp\/v2\/posts"}],"about":[{"href":"https:\/\/www.europesays.com\/it\/wp-json\/wp\/v2\/types\/post"}],"author":[{"embeddable":true,"href":"https:\/\/www.europesays.com\/it\/wp-json\/wp\/v2\/users\/3"}],"replies":[{"embeddable":true,"href":"https:\/\/www.europesays.com\/it\/wp-json\/wp\/v2\/comments?post=144799"}],"version-history":[{"count":0,"href":"https:\/\/www.europesays.com\/it\/wp-json\/wp\/v2\/posts\/144799\/revisions"}],"wp:featuredmedia":[{"embeddable":true,"href":"https:\/\/www.europesays.com\/it\/wp-json\/wp\/v2\/media\/144800"}],"wp:attachment":[{"href":"https:\/\/www.europesays.com\/it\/wp-json\/wp\/v2\/media?parent=144799"}],"wp:term":[{"taxonomy":"category","embeddable":true,"href":"https:\/\/www.europesays.com\/it\/wp-json\/wp\/v2\/categories?post=144799"},{"taxonomy":"post_tag","embeddable":true,"href":"https:\/\/www.europesays.com\/it\/wp-json\/wp\/v2\/tags?post=144799"}],"curies":[{"name":"wp","href":"https:\/\/api.w.org\/{rel}","templated":true}]}}