{"id":145051,"date":"2025-10-03T05:47:23","date_gmt":"2025-10-03T05:47:23","guid":{"rendered":"https:\/\/www.europesays.com\/it\/145051\/"},"modified":"2025-10-03T05:47:23","modified_gmt":"2025-10-03T05:47:23","slug":"due-professionisti-sanitari-del-madagascar-in-formazione-nei-nostri-ospedali","status":"publish","type":"post","link":"https:\/\/www.europesays.com\/it\/145051\/","title":{"rendered":"Due professionisti sanitari del Madagascar in formazione nei nostri ospedali"},"content":{"rendered":"<p>            <img decoding=\"async\" src=\"https:\/\/www.europesays.com\/it\/wp-content\/uploads\/2025\/10\/IMG-20251001-WA0006.jpg\" alt=\"\"\/><\/p>\n<p>Nell\u2019ambio del progetto <strong>\u201cEro malato\u201d<\/strong> corso di formazione all\u2019Azienda USL IRCCS di Reggio Emilia per un medico e un infermiere dall\u2019Ospedale di Ampasimanjeva in Madagascar.<\/p>\n<p>La linea Reggio Emilia-Madagascar non si \u00e8 mai interrotta e oggi segna una tappa fondamentale nell\u2019ambito del Progetto \u201c<strong>Ero malato<\/strong>\u201d, condiviso dalla Diocesi di Reggio, dal Centro Missionario Diocesano, da Volontari nel Mondo-RTM, uniti dalla preziosa collaborazione con l\u2019AUSL IRCCS di Reggio Emilia a favore dall\u2019<strong>Ospedale di Ampasimanjeva in Magdagascar<\/strong>.<\/p>\n<p>L\u2019Ospedale \u201cDon Mario &#8211; Fondation M\u00e9dicale Ampasimanjeva\u201d \u00e8 riconosciuto dal Sistema Sanitario Malgascio come Ospedale Regionale ed \u00e8 dotato di 100 posti letto, ai quali si aggiungono venti camere per la cura dei malati di tubercolosi. \u00c8 da questa struttura sanitaria che provengono il Dott. Charel\u2019son Razanavah, Direttore sanitario e Responsabile Medico del Reparto Medicina Adulti, e il Signor Yves Mahitsy, Infermiere nella medesima struttura, entrambi a Reggio dal 26 settembre per uno stage di formazione sul campo della durata di quindici giorni nelle strutture ospedaliere della Azienda USL IRCCS, a partire dall\u2019Arcispedale Santa Maria Nuova di Reggio Emilia.<br \/>Il progetto di collaborazione generale prevede il <strong>miglioramento delle competenze clinico-assistenziali<\/strong>, con attivit\u00e0 formative programmate e mirate sui bisogni dei professionisti di Ampasimanjeva.<\/p>\n<p>Il raggiungimento degli obiettivi del progetto si \u00e8 fin qui realizzato attraverso momenti di formazione a distanza, con missioni delle \u00e9quipe reggiane in Madagascar e, nella fase attuale, mediante una formazione specifica all\u2019 Arcispedale S. Maria Nuova a Reggio Emilia.<br \/>Nel periodo di stage presso il Santa Maria Nuova agli operatori malgasci sar\u00e0 possibile conoscere le tecniche, le strumentazioni e le modalit\u00e0 di lavoro pi\u00f9 appropriate da implementare nel contesto malgascio. Questo consentir\u00e0 di rafforzare non solo le competenze professionali dei due sanitari inviati, ma in seguito di trasmetterle anche al personale locale con cui lavorano all\u2019Ospedale di Ampasimanjeva.<br \/>Un altro tassello di solidariet\u00e0 concreta e tangibile della nostra terra reggina che ci consente di avere uno sguardo attento, per leggere il mondo non dal centro ma dai margini, dove spesso germogliano segni di futuro.<\/p>\n<p>\u00a0<\/p>\n<p><strong>Nelle foto: <\/strong>il Dott. Charel\u2019son Razanavah e l\u2019infermiere Yves Mahitsy, al triage del Pronto Soccorso dell\u2019Arcispedale Santa Maria Nuova di Reggio Emilia, lo staff e un ambulatorio dell\u2019Ospedale di Ampasimanjeva.<\/p>\n<p>\u00a0<\/p>\n<p>Gli Uffici Stampa<\/p>\n<p><img decoding=\"async\" alt=\"\" src=\"https:\/\/www.europesays.com\/it\/wp-content\/uploads\/2025\/10\/IMG-20251001-WA0007.jpg\" style=\"width: 100%; height: 100%;\"\/><\/p>\n<p><img decoding=\"async\" alt=\"\" src=\"https:\/\/www.europesays.com\/it\/wp-content\/uploads\/2025\/10\/TriagePS.jpg\" style=\"width: 100%; height: 100%;\"\/><\/p>\n<p><\/p>\n<p>Ultimo aggiornamento: 02\/10\/25<\/p>\n","protected":false},"excerpt":{"rendered":"Nell\u2019ambio del progetto \u201cEro malato\u201d corso di formazione all\u2019Azienda USL IRCCS di Reggio Emilia per un medico e&hellip;\n","protected":false},"author":3,"featured_media":145052,"comment_status":"","ping_status":"","sticky":false,"template":"","format":"standard","meta":{"footnotes":""},"categories":[1481],"tags":[2065,2066,239,2063,2064,1537,90,89,240],"class_list":{"0":"post-145051","1":"post","2":"type-post","3":"status-publish","4":"format-standard","5":"has-post-thumbnail","7":"category-assistenza-sanitaria","8":"tag-assistenza-sanitaria","9":"tag-assistenzasanitaria","10":"tag-health","11":"tag-health-care","12":"tag-healthcare","13":"tag-it","14":"tag-italia","15":"tag-italy","16":"tag-salute"},"share_on_mastodon":{"url":"","error":""},"_links":{"self":[{"href":"https:\/\/www.europesays.com\/it\/wp-json\/wp\/v2\/posts\/145051","targetHints":{"allow":["GET"]}}],"collection":[{"href":"https:\/\/www.europesays.com\/it\/wp-json\/wp\/v2\/posts"}],"about":[{"href":"https:\/\/www.europesays.com\/it\/wp-json\/wp\/v2\/types\/post"}],"author":[{"embeddable":true,"href":"https:\/\/www.europesays.com\/it\/wp-json\/wp\/v2\/users\/3"}],"replies":[{"embeddable":true,"href":"https:\/\/www.europesays.com\/it\/wp-json\/wp\/v2\/comments?post=145051"}],"version-history":[{"count":0,"href":"https:\/\/www.europesays.com\/it\/wp-json\/wp\/v2\/posts\/145051\/revisions"}],"wp:featuredmedia":[{"embeddable":true,"href":"https:\/\/www.europesays.com\/it\/wp-json\/wp\/v2\/media\/145052"}],"wp:attachment":[{"href":"https:\/\/www.europesays.com\/it\/wp-json\/wp\/v2\/media?parent=145051"}],"wp:term":[{"taxonomy":"category","embeddable":true,"href":"https:\/\/www.europesays.com\/it\/wp-json\/wp\/v2\/categories?post=145051"},{"taxonomy":"post_tag","embeddable":true,"href":"https:\/\/www.europesays.com\/it\/wp-json\/wp\/v2\/tags?post=145051"}],"curies":[{"name":"wp","href":"https:\/\/api.w.org\/{rel}","templated":true}]}}