{"id":145222,"date":"2025-10-03T07:53:14","date_gmt":"2025-10-03T07:53:14","guid":{"rendered":"https:\/\/www.europesays.com\/it\/145222\/"},"modified":"2025-10-03T07:53:14","modified_gmt":"2025-10-03T07:53:14","slug":"vittoria-ceretti-con-shorts-sportivi-e-cappotto-di-pelle-la-combinazione-inaspettata-sfoggiata-a-parigi","status":"publish","type":"post","link":"https:\/\/www.europesays.com\/it\/145222\/","title":{"rendered":"Vittoria Ceretti con shorts sportivi e cappotto di pelle, la combinazione inaspettata sfoggiata a Parigi"},"content":{"rendered":"<p>Vittoria Ceretti con shorts sportivi e cappotto di pelle: il look sfoggiato a Parigi per la Fashion Week<\/p>\n<p>Impossibile non essere d&#8217;accordo, il periodo delle <strong>Fashion Week<\/strong> \u00e8 senza dubbio il pi\u00f9 emozionante (e inspiring) dell&#8217;anno. Se da una parte le sfilate suggeriscono quelle che saranno le tendenze moda della prossima stagione, dall&#8217;altra le celebrities dimostrano come essere cool adesso. E i nostri occhi non possono far altro che posarsi di continuo su abbinamenti inaspettati, capi dai tagli particolari e accessori dall&#8217;effetto decisamente \u201cwow\u201d. \u00c8 come se lo streetstyle fosse una rivista infinita di look da ammirare, per poi replicare. Spesso \u00e8 il front row delle sfilate a darci le soddisfazioni migliori, o magari le star avvistate per le strade, durante lo spostamento da una location all&#8217;altra. Oggi lo sguardo si \u00e8 posato sulla modella italiana <strong>Vittoria Ceretti<\/strong> che, dopo averci stupito con l&#8217;<a href=\"https:\/\/www.vogue.it\/article\/vittoria-ceretti-vans-look-milano-fashion-week-2025\" target=\"_blank\" rel=\"nofollow noopener\">outfit off-duty<\/a> sfoggiato a Milano la settimana scorsa, ha optato per una <strong>mise sporty chic<\/strong> nel cuore della citt\u00e0 parigina.<\/p>\n<p><img decoding=\"async\" alt=\"Vittoria Ceretti shorts\" loading=\"lazy\" class=\"ResponsiveImageContainer-eNxvmU cfBbTk responsive-image__image\"   src=\"https:\/\/www.europesays.com\/it\/wp-content\/uploads\/2025\/10\/IPA_Agency_IPA66032676.jpg\"\/><\/p>\n<p>Aissaoui Nacer \/ SplashNews.com \/ ipa-agency.net<\/p>\n<p>A catturare la nostra attenzione, non \u00e8 solamente il maxi cappotto nero di pelle, ma anche il gioco di contrasti, che si prendono armoniosamente per mano. La pelle della giacca trasmette grinta ed eleganza, mentre il pizzo del top suggerisce un senso di romanticismo sussurrato. I dettagli si inseriscono poi nel look con naturalezza, dimostrando che lo sportswear pu\u00f2 e sa essere anche elegante. L&#8217;importante \u00e8 divertirsi negli abbinamenti, ascoltando il cuore e assecondando la creativit\u00e0.<\/p>\n<p>Tutti i dettagli del look sporty chic di Vittoria Ceretti con shorts e cappotto di pelle<\/p>\n<p>La modella indossa un paio di <strong>shorts sportivi blu<\/strong>, con elastico in vita e bordi bianchi. Il capo da palestra per eccellenza, per\u00f2, diventa protagonista di un look super elegante, perfetto per affrontare con stile la <a href=\"https:\/\/www.vogue.it\/article\/paris-fashion-week-calendario-eventi-sfilate\" target=\"_blank\" rel=\"nofollow noopener\">Paris Fahion Week<\/a> (e qualsiasi giornata speciale). A contrastare l&#8217;effetto sporty degli shorts \u00e8 il maxi <strong>cappotto<\/strong> in pelle nero &#8211; portato rigorosamente aperto &#8211; che d\u00e0 subito un\u2019allure sofisticata e ricercata. Sotto, un <strong>top bianco<\/strong> semplice con dettaglio di pizzo, capace di aggiungere femminilit\u00e0 e delicatezza, quel tocco luminoso che bilancia il resto pi\u00f9 scuro del look. Niente sneakers, Vittoria Ceretti ai piedi indossa un paio di <strong>peep toe<\/strong> color bianco gesso, la calzatura sexy che svela le dita dei piedi. Non solo nei capi e nei colori, il mix tra rigore e leggerezza si ritrova anche nei <strong>gioielli<\/strong>. Collana con perle preziose &#8211; semplice s\u00ec, ma d&#8217;effetto &#8211; orecchini a cascata argento e anelli della stessa sfumatura di colore. Vittoria Ceretti dimostra ancora una volta che lo stile \u00e8 una questione di creativit\u00e0 (e combinazioni inaspettate).<\/p>\n","protected":false},"excerpt":{"rendered":"Vittoria Ceretti con shorts sportivi e cappotto di pelle: il look sfoggiato a Parigi per la Fashion Week&hellip;\n","protected":false},"author":3,"featured_media":145223,"comment_status":"","ping_status":"","sticky":false,"template":"","format":"standard","meta":{"footnotes":"","_share_on_mastodon":"0"},"categories":[175],"tags":[239,1537,90,89,3112,240,5140,91140,91139,42321],"class_list":["post-145222","post","type-post","status-publish","format-standard","has-post-thumbnail","category-salute","tag-health","tag-it","tag-italia","tag-italy","tag-moda","tag-salute","tag-shopping","tag-shorts","tag-trench","tag-vittoria-ceretti"],"share_on_mastodon":{"url":"","error":""},"_links":{"self":[{"href":"https:\/\/www.europesays.com\/it\/wp-json\/wp\/v2\/posts\/145222","targetHints":{"allow":["GET"]}}],"collection":[{"href":"https:\/\/www.europesays.com\/it\/wp-json\/wp\/v2\/posts"}],"about":[{"href":"https:\/\/www.europesays.com\/it\/wp-json\/wp\/v2\/types\/post"}],"author":[{"embeddable":true,"href":"https:\/\/www.europesays.com\/it\/wp-json\/wp\/v2\/users\/3"}],"replies":[{"embeddable":true,"href":"https:\/\/www.europesays.com\/it\/wp-json\/wp\/v2\/comments?post=145222"}],"version-history":[{"count":0,"href":"https:\/\/www.europesays.com\/it\/wp-json\/wp\/v2\/posts\/145222\/revisions"}],"wp:featuredmedia":[{"embeddable":true,"href":"https:\/\/www.europesays.com\/it\/wp-json\/wp\/v2\/media\/145223"}],"wp:attachment":[{"href":"https:\/\/www.europesays.com\/it\/wp-json\/wp\/v2\/media?parent=145222"}],"wp:term":[{"taxonomy":"category","embeddable":true,"href":"https:\/\/www.europesays.com\/it\/wp-json\/wp\/v2\/categories?post=145222"},{"taxonomy":"post_tag","embeddable":true,"href":"https:\/\/www.europesays.com\/it\/wp-json\/wp\/v2\/tags?post=145222"}],"curies":[{"name":"wp","href":"https:\/\/api.w.org\/{rel}","templated":true}]}}