{"id":145781,"date":"2025-10-03T14:01:10","date_gmt":"2025-10-03T14:01:10","guid":{"rendered":"https:\/\/www.europesays.com\/it\/145781\/"},"modified":"2025-10-03T14:01:10","modified_gmt":"2025-10-03T14:01:10","slug":"f1-incidente-leclerc-norris-penalizzazioni-gazzetta-it","status":"publish","type":"post","link":"https:\/\/www.europesays.com\/it\/145781\/","title":{"rendered":"F1 incidente Leclerc-Norris: penalizzazioni | Gazzetta.it"},"content":{"rendered":"<p>                                Unsafe Release del monegasco, subito notato dalla Direzione Gara che decider\u00e0 dopo le prove libere 2<\/p>\n<p class=\"paragraph\" spellcheck=\"true\">Pasticcio firmato Charles Leclerc-Ferrari durante le Prove Libere 2 del GP Singapore di F1: una mancata comunicazione tra il meccanico del monegasco e il pilota stesso hanno innescato un incidente in pit lane con l&#8217;accorrente Lando Norris. La dinamica \u00e8 subito stata notata dalla Direzione Gara e Leclerc \u00e8 a forte rischio di penalit\u00e0 in griglia per Unsafe Release.<\/p>\n","protected":false},"excerpt":{"rendered":"Unsafe Release del monegasco, subito notato dalla Direzione Gara che decider\u00e0 dopo le prove libere 2 Pasticcio firmato&hellip;\n","protected":false},"author":3,"featured_media":145782,"comment_status":"","ping_status":"","sticky":false,"template":"","format":"standard","meta":{"footnotes":""},"categories":[1454],"tags":[274,91445,1770,683,1771,629,298,1537,90,89,7754,10861,245,244],"class_list":{"0":"post-145781","1":"post","2":"type-post","3":"status-publish","4":"format-standard","5":"has-post-thumbnail","7":"category-f1","8":"tag-direzione","9":"tag-direzione-gara","10":"tag-f1","11":"tag-formula-1","12":"tag-formula1","13":"tag-gara","14":"tag-incidente","15":"tag-it","16":"tag-italia","17":"tag-italy","18":"tag-leclerc","19":"tag-norris","20":"tag-sport","21":"tag-sports"},"share_on_mastodon":{"url":"","error":""},"_links":{"self":[{"href":"https:\/\/www.europesays.com\/it\/wp-json\/wp\/v2\/posts\/145781","targetHints":{"allow":["GET"]}}],"collection":[{"href":"https:\/\/www.europesays.com\/it\/wp-json\/wp\/v2\/posts"}],"about":[{"href":"https:\/\/www.europesays.com\/it\/wp-json\/wp\/v2\/types\/post"}],"author":[{"embeddable":true,"href":"https:\/\/www.europesays.com\/it\/wp-json\/wp\/v2\/users\/3"}],"replies":[{"embeddable":true,"href":"https:\/\/www.europesays.com\/it\/wp-json\/wp\/v2\/comments?post=145781"}],"version-history":[{"count":0,"href":"https:\/\/www.europesays.com\/it\/wp-json\/wp\/v2\/posts\/145781\/revisions"}],"wp:featuredmedia":[{"embeddable":true,"href":"https:\/\/www.europesays.com\/it\/wp-json\/wp\/v2\/media\/145782"}],"wp:attachment":[{"href":"https:\/\/www.europesays.com\/it\/wp-json\/wp\/v2\/media?parent=145781"}],"wp:term":[{"taxonomy":"category","embeddable":true,"href":"https:\/\/www.europesays.com\/it\/wp-json\/wp\/v2\/categories?post=145781"},{"taxonomy":"post_tag","embeddable":true,"href":"https:\/\/www.europesays.com\/it\/wp-json\/wp\/v2\/tags?post=145781"}],"curies":[{"name":"wp","href":"https:\/\/api.w.org\/{rel}","templated":true}]}}