{"id":146075,"date":"2025-10-03T17:09:16","date_gmt":"2025-10-03T17:09:16","guid":{"rendered":"https:\/\/www.europesays.com\/it\/146075\/"},"modified":"2025-10-03T17:09:16","modified_gmt":"2025-10-03T17:09:16","slug":"difficile-immaginarlo-ora-ma-sarebbe-bellissimo","status":"publish","type":"post","link":"https:\/\/www.europesays.com\/it\/146075\/","title":{"rendered":"\u201cDifficile immaginarlo ora, ma sarebbe bellissimo\u201d"},"content":{"rendered":"<p>Bologna, 2 ottobre 2025 \u2013 Marc <strong>Marquez<\/strong> \u00e8<strong> tornato campione del mondo <\/strong>sei anni dopo, nessuno nella storia ci \u00e8 riuscito, e la scelta di <strong>Ducati<\/strong> di promuoverlo nel team ufficiale \u00e8 stata perfetta. Dominio incontrastato in una stagione monopolizzata dal mono-Marquez e da una Ducati che ha gi\u00e0 vinto anche il campionato costruttori e si appresta a vincere anche il mondiale per team.<\/p>\n<p>Anche per il 2026 le rivali sono avvisate. Poi, ci sar\u00e0 il 2027 e un cambio netto dei <strong>regolamenti<\/strong>. Probabilmente epocale. Via gli <strong>abbassatori<\/strong>, riduzione della <strong>cilindrata <\/strong>dei motori e giro di vite all<strong>\u2019aerodinamica spinta<\/strong>. Una specie di ritorno al passato che potrebbe stravolgere le attuali gerarchie. In pi\u00f9, grazie alle concessioni, le marche giapponesi stanno pian piano risalendo e gi\u00e0 a Motegi si \u00e8 vista una <strong>Honda<\/strong> pi\u00f9 in forma. Insomma, l\u2019ala dorata potrebbe cullare per il 2027 l\u2019ingaggio di un top driver. Il nome? Marc Marquez.\u00a0<\/p>\n<p>Puig: \u201cMarquez? Sarebbe bellissimo\u201d <\/p>\n<p> Ecco, che quel nome possa corrispondere all&#8217;attuale campione del mondo \u00e8 presto per dirlo,\u00a0ma chiss\u00e0 che non possa diventare realt\u00e0 pi\u00f9 avanti. Di sicuro, il numero 93 ha fatto bene a lasciare Honda per ritrovare se stesso e per il 2026 certamente guider\u00e0 la <strong>Ducati<\/strong> della squadra ufficiale, ma nel 2027 sar\u00e0 rivoluzione e tanti piloti potrebbero muoversi.<\/p>\n<p>Honda cerca un<strong> pilota di punta <\/strong>e il legame di sempre con l\u2019uomo di Cervera potrebbe riallacciarsi. \u00c8 oggi una suggestione, una specie di sogno irraggiungibile, ma il team manager di Honda<strong> Alberto Puig<\/strong> <strong>ha lanciato l\u2019esca<\/strong>.<\/p>\n<p>In una intervista ad As, il dirigente HRC ha parlato cos\u00ec: \u201cPenso che la nostra moto funzioner\u00e0 sicuramente. Sarebbe qualcosa di<strong> molto speciale avere di nuovo<\/strong> <strong>Marquez<\/strong>. Pensarci \u00e8 folle, ma non lo escludo e sarebbe un<strong> sogno bellissimo<\/strong>. \u00c8 comunque <strong>difficile immaginarlo ora<\/strong>\u201d.<\/p>\n<p>Approfondisci:<\/p>\n<p><a href=\"https:\/\/sport.quotidiano.net\/motomondiale\/motogp-indonesia-bagnaia-51f804b0\" class=\"ArticleEmbed_article__embed__content__Jzqnz\" rel=\"nofollow noopener\" target=\"_blank\">MotoGp Indonesia, Bagnaia: \u201c\u00c8 stato tutto perfetto, ora cerchiamo di recuperare punti\u201d<img alt=\"MotoGp Indonesia, Bagnaia: \u201c\u00c8 stato tutto perfetto, ora cerchiamo di recuperare punti\u201d\" loading=\"lazy\" width=\"140\" height=\"78\" decoding=\"async\" data-nimg=\"1\" style=\"color:transparent\"  src=\"https:\/\/www.europesays.com\/it\/wp-content\/uploads\/2025\/10\/pecco-bagnaia-solleva-il-trofeo-a-motegi.webp\"\/><\/a><br \/>\nMarquez \u00e8 tornato sul tetto del mondo <\/p>\n<p>Insomma, forse impossibile, ma un pensierino sembra esserci&#8230;Non sarebbe uno scandalo. Marc \u00e8 sempre stato uomo Honda, ha vinto tutto con loro e, per tanti anni fin dalla giovane et\u00e0, ne \u00e8 stato leader indiscusso e la separazione \u00e8 diventata traumatica, seppur necessaria, perch\u00e9 ha significato lasciare casa. Oggi Marquez \u00e8 tornato sul tetto del mondo, grazie al suo talento ma anche alla miglior moto, e se Honda nel 2027 dovesse essere competitiva non sarebbe cos\u00ec impensabile valutare un ritorno.<\/p>\n<p>Puig, d\u2019altronde, conosce molto bene Marc: \u201cGli sono stato vicino nei momenti pi\u00f9 difficili e lui ha passato un periodo complicato fisicamente, ma ho cercato di trovare il lato positivo in ogni cosa. <strong>Nella vita vince chi resiste<\/strong>\u201d. Non a caso, domenica pure Honda ha celebrato il titolo di Marquez con la Ducati, segno che il legame c\u2019\u00e8 e ci sar\u00e0 sempre: \u201cQuello che ha fato \u00e8 una pieta miliare del nostro sport. Merita di essere ricordato come uno dei pi\u00f9 grandi\u201d, la chiosa di Puig. Honda, per davvero, potrebbe ristrapparlo a Ducati? Chiss\u00e0\u2026 <a rel=\"follow nofollow noopener\" href=\"https:\/\/sport.quotidiano.net\/motomondiale\/moto-gp-ducati-mondiale-team-e5a35673\" target=\"_blank\">\u00a0Ducati vicina anche al titolo a squadre, Dall&#8217;Igna: &#8220;Stella che brilla di luce propria&#8221;<\/a><\/p>\n","protected":false},"excerpt":{"rendered":"Bologna, 2 ottobre 2025 \u2013 Marc Marquez \u00e8 tornato campione del mondo sei anni dopo, nessuno nella storia&hellip;\n","protected":false},"author":3,"featured_media":146076,"comment_status":"","ping_status":"","sticky":false,"template":"","format":"standard","meta":{"footnotes":""},"categories":[1455],"tags":[4990,6927,6548,91519,1537,90,89,3442,1783,1785,1784,25421,32343,245,244],"class_list":{"0":"post-146075","1":"post","2":"type-post","3":"status-publish","4":"format-standard","5":"has-post-thumbnail","7":"category-moto","8":"tag-bellissimo","9":"tag-difficile","10":"tag-honda","11":"tag-immaginarlo","12":"tag-it","13":"tag-italia","14":"tag-italy","15":"tag-marquez","16":"tag-moto","17":"tag-motogp","18":"tag-motorcycle","19":"tag-puig","20":"tag-sogna","21":"tag-sport","22":"tag-sports"},"share_on_mastodon":{"url":"","error":""},"_links":{"self":[{"href":"https:\/\/www.europesays.com\/it\/wp-json\/wp\/v2\/posts\/146075","targetHints":{"allow":["GET"]}}],"collection":[{"href":"https:\/\/www.europesays.com\/it\/wp-json\/wp\/v2\/posts"}],"about":[{"href":"https:\/\/www.europesays.com\/it\/wp-json\/wp\/v2\/types\/post"}],"author":[{"embeddable":true,"href":"https:\/\/www.europesays.com\/it\/wp-json\/wp\/v2\/users\/3"}],"replies":[{"embeddable":true,"href":"https:\/\/www.europesays.com\/it\/wp-json\/wp\/v2\/comments?post=146075"}],"version-history":[{"count":0,"href":"https:\/\/www.europesays.com\/it\/wp-json\/wp\/v2\/posts\/146075\/revisions"}],"wp:featuredmedia":[{"embeddable":true,"href":"https:\/\/www.europesays.com\/it\/wp-json\/wp\/v2\/media\/146076"}],"wp:attachment":[{"href":"https:\/\/www.europesays.com\/it\/wp-json\/wp\/v2\/media?parent=146075"}],"wp:term":[{"taxonomy":"category","embeddable":true,"href":"https:\/\/www.europesays.com\/it\/wp-json\/wp\/v2\/categories?post=146075"},{"taxonomy":"post_tag","embeddable":true,"href":"https:\/\/www.europesays.com\/it\/wp-json\/wp\/v2\/tags?post=146075"}],"curies":[{"name":"wp","href":"https:\/\/api.w.org\/{rel}","templated":true}]}}