{"id":146081,"date":"2025-10-03T17:12:21","date_gmt":"2025-10-03T17:12:21","guid":{"rendered":"https:\/\/www.europesays.com\/it\/146081\/"},"modified":"2025-10-03T17:12:21","modified_gmt":"2025-10-03T17:12:21","slug":"il-montalfano-pensa-alla-tutela-dei-giocatori-in-campo-con-il-progetto-cuore","status":"publish","type":"post","link":"https:\/\/www.europesays.com\/it\/146081\/","title":{"rendered":"Il Montalfano pensa alla tutela dei giocatori: in campo con il \u201cProgetto Cuore\u201d"},"content":{"rendered":"<p class=\"has-drop-cap\">Non un obbligo regolamentare ma un passo, importante, per la sicurezza in campo durante le partite. Il G.S. Montalfano, tra coppa e campionato, <strong>ha iniziato la nuova stagione di Seconda Categoria come meglio non poteva<\/strong> ma, almeno in questa occasione, i fari sono puntati su un servizio non comune nelle categorie meno nobili, ma che da sempre suscitano grande interesse e seguito, del calcio dilettantistico.<\/p>\n<p><img fetchpriority=\"high\" decoding=\"async\" width=\"1024\" height=\"390\" src=\"https:\/\/www.europesays.com\/it\/wp-content\/uploads\/2025\/10\/dbb05e43-5745-4c8f-b2d4-0ac63eab225b-1024x390.jpeg\" alt=\"\" class=\"wp-image-224563\"  \/><\/p>\n<p><strong>Per tutti i match interni che si giocheranno a Montalfano<\/strong>, i gialloverdi del presidente Sante D\u2019Alberto, garantiranno <strong>la presenza del personale medico specializzato a bordo campo<\/strong>, pronto ad intervenire in caso di necessit\u00e0. <strong>Come si legge nella nota della compagine montalfanese,<\/strong> \u00abil servizio sar\u00e0 svolto dai volontari del gruppo \u201cProgetto Cuore\u201d, che ringraziamo per la professionalit\u00e0 e disponibilit\u00e0. Precisiamo che tale presenza non \u00e8 prevista come obbligo normativo, ma rappresenta una scelta autonoma della societ\u00e0, dettata dal senso di responsabilit\u00e0 verso la salute e la sicurezza dei nostri atleti e degli avversari ospiti. Pur comportando ulteriori costi, riteniamo che questo sia un investimento necessario e doveroso per garantire la tutela e l\u2019incolumit\u00e0 di tutti coloro che scendono in campo\u00bb.<\/p>\n","protected":false},"excerpt":{"rendered":"Non un obbligo regolamentare ma un passo, importante, per la sicurezza in campo durante le partite. Il G.S.&hellip;\n","protected":false},"author":3,"featured_media":146082,"comment_status":"","ping_status":"","sticky":false,"template":"","format":"standard","meta":{"footnotes":""},"categories":[1452],"tags":[11813,721,6036,1740,1537,90,89,240,1739,245,244],"class_list":{"0":"post-146081","1":"post","2":"type-post","3":"status-publish","4":"format-standard","5":"has-post-thumbnail","7":"category-calcio","8":"tag-abruzzo","9":"tag-calcio","10":"tag-cuore","11":"tag-football","12":"tag-it","13":"tag-italia","14":"tag-italy","15":"tag-salute","16":"tag-soccer","17":"tag-sport","18":"tag-sports"},"share_on_mastodon":{"url":"","error":""},"_links":{"self":[{"href":"https:\/\/www.europesays.com\/it\/wp-json\/wp\/v2\/posts\/146081","targetHints":{"allow":["GET"]}}],"collection":[{"href":"https:\/\/www.europesays.com\/it\/wp-json\/wp\/v2\/posts"}],"about":[{"href":"https:\/\/www.europesays.com\/it\/wp-json\/wp\/v2\/types\/post"}],"author":[{"embeddable":true,"href":"https:\/\/www.europesays.com\/it\/wp-json\/wp\/v2\/users\/3"}],"replies":[{"embeddable":true,"href":"https:\/\/www.europesays.com\/it\/wp-json\/wp\/v2\/comments?post=146081"}],"version-history":[{"count":0,"href":"https:\/\/www.europesays.com\/it\/wp-json\/wp\/v2\/posts\/146081\/revisions"}],"wp:featuredmedia":[{"embeddable":true,"href":"https:\/\/www.europesays.com\/it\/wp-json\/wp\/v2\/media\/146082"}],"wp:attachment":[{"href":"https:\/\/www.europesays.com\/it\/wp-json\/wp\/v2\/media?parent=146081"}],"wp:term":[{"taxonomy":"category","embeddable":true,"href":"https:\/\/www.europesays.com\/it\/wp-json\/wp\/v2\/categories?post=146081"},{"taxonomy":"post_tag","embeddable":true,"href":"https:\/\/www.europesays.com\/it\/wp-json\/wp\/v2\/tags?post=146081"}],"curies":[{"name":"wp","href":"https:\/\/api.w.org\/{rel}","templated":true}]}}