{"id":146119,"date":"2025-10-03T17:37:12","date_gmt":"2025-10-03T17:37:12","guid":{"rendered":"https:\/\/www.europesays.com\/it\/146119\/"},"modified":"2025-10-03T17:37:12","modified_gmt":"2025-10-03T17:37:12","slug":"chi-siamo-pittalk-it","status":"publish","type":"post","link":"https:\/\/www.europesays.com\/it\/146119\/","title":{"rendered":"Chi siamo? &#8211; PitTalk.it"},"content":{"rendered":"<p>                                        Passione, competenza e informazione: il motorsport raccontato da chi lo vive<\/p>\n<p style=\"text-align: justify;\"><strong>Pit Talk<\/strong> \u00e8 il network italiano di riferimento per gli appassionati di Formula 1 e motorsport che cercano contenuti di qualit\u00e0, analisi tecniche approfondite e un punto di vista autentico sul Circus. Attraverso il nostro sito web, il podcast e i canali social, portiamo ogni giorno notizie, approfondimenti e opinioni per una community di veri appassionati.<\/p>\n<p>La nostra Mission<\/p>\n<p style=\"text-align: justify;\">Raccontare il motorsport con competenza, passione e indipendenza. Crediamo nell\u2019informazione di qualit\u00e0, nell\u2019analisi tecnica accurata e nel dialogo con chi vive questo mondo dall\u2019interno. Non ci limitiamo a riportare le notizie: le analizziamo, le interpretiamo e le discutiamo con gli addetti ai lavori.<\/p>\n<p>Cosa ci rende unici<\/p>\n<p style=\"text-align: justify;\"><strong> Analisi Tecnica approfondita<\/strong><br \/>Non parliamo solo di risultati: entriamo nel dettaglio delle monoposto, delle soluzioni aerodinamiche, delle strategie di sviluppo. La nostra competenza tecnica \u00e8 riconosciuta da anni dalle pi\u00f9 importanti testate di settore.<\/p>\n<p style=\"text-align: justify;\"><strong>\ufe0f Pit Talk Podcast<\/strong><br \/>Il nostro format radiofonico, nato nel 2014, \u00e8 diventato un punto di riferimento per chi vuole ascoltare le voci pi\u00f9 autorevoli del giornalismo motoristico italiano, ex tecnici, piloti del Circus e nuove generazioni di content creator.<\/p>\n<p style=\"text-align: justify;\"><strong> Esperienza e credibilit\u00e0<\/strong><br \/>Oltre 12 anni di storia, collaborazioni con i principali media sportivi nazionali e un team che ha lavorato con SkySport F1, Autosprint, Auto, Il Fatto Quotidiano e Vandone Film.<\/p>\n<p style=\"text-align: justify;\"><strong> Community attiva<\/strong><br \/>Non siamo solo un sito: siamo una community di appassionati che discute, dibatte e condivide la passione per la Formula 1 ogni giorno sui nostri canali social. Il nostro canale principale \u00e8 su Telegram, a cui si pu\u00f2 accedere liberamente andando semplicemente a commentare un articolo pubblicato sul canale @PitTalk.\u00a0<\/p>\n<p>La nostra storia<\/p>\n<p><img fetchpriority=\"high\" decoding=\"async\" class=\"alignright wp-image-78369 size-medium lazyload\" alt=\"\" width=\"390\" height=\"300\" src=\"https:\/\/www.europesays.com\/it\/wp-content\/uploads\/2025\/10\/chi-siamo-redazione-390x300.jpg\"  data- data-eio-rwidth=\"390\" data-eio-rheight=\"300\"\/><\/p>\n<p style=\"text-align: justify;\">Il progetto che oggi \u00e8 <strong>Pit Talk<\/strong> nasce nel gennaio 2013 come <strong>F1Sport.it<\/strong>, dall\u2019idea di Antonio Granato di creare uno spazio dedicato interamente al mondo della Formula 1. La passione e la voglia di fare informazione di qualit\u00e0 ci hanno permesso di crescere rapidamente e di entrare in contatto con le pi\u00f9 importanti realt\u00e0 media sportive nazionali.<\/p>\n<p>Tappe fondamentali<\/p>\n<p style=\"text-align: justify;\"><strong>2013-2014<\/strong> \u2013 Antonio Granato entra a far parte del Virtual Garage di SkySport F1 HD, portando la sua competenza tecnica nel racconto televisivo della Formula 1.<\/p>\n<p style=\"text-align: justify;\"><strong>2013<\/strong> \u2013 Inizia la collaborazione con <a href=\"http:\/\/www.vandonefilm.com\/\" rel=\"nofollow noopener\" target=\"_blank\">Vandone Film<\/a> per la ricerca e l\u2019analisi tecnica delle monoposto di Formula 1.<\/p>\n<p style=\"text-align: justify;\"><strong>2013<\/strong> \u2013 Lancio del magazine gratuito in formato PDF <strong>F1Tecnica<\/strong>, con approfondimenti mensili su tecnica, cronaca, storia e curiosit\u00e0 del Circus.<\/p>\n<p style=\"text-align: justify;\"><strong>2014<\/strong> \u2013 Nasce <strong>Pit Talk<\/strong>, il format radiofonico\/podcast che porta ogni puntata i pi\u00f9 grandi nomi del giornalismo motoristico nazionale, addetti ai lavori, ex tecnici e piloti, insieme alle nuove voci del panorama digitale.<\/p>\n<p style=\"text-align: justify;\"><strong>2015-2020<\/strong> \u2013 Produzione di contenuti di approfondimento tecnico delle monoposto di Formula 1 <a href=\"http:\/\/www.ilfattoquotidiano.it\/blog\/agranato\/\" rel=\"nofollow noopener\" target=\"_blank\">per il blog de Il Fatto Quotidiano<\/a>.<\/p>\n<p style=\"text-align: justify;\"><strong>2016<\/strong> \u2013 Collaborazione con MotorSport Academy (divisione formazione di Experis MotorSport) per il <a href=\"https:\/\/academy.experismotorsport.it\/ita\/executive-course\/comunicazione-media-motorsport\" rel=\"nofollow noopener\" target=\"_blank\">corso di Comunicazione e Media nel mondo del MotorSport<\/a>, con Antonio Granato e Francesco Svelto come docenti di alta formazione.<\/p>\n<p style=\"text-align: justify;\"><strong>Dal 2017<\/strong> \u2013 Antonio Granato collabora con <strong>Autosprint<\/strong>, una delle testate storiche del motorsport italiano.<\/p>\n<p style=\"text-align: justify;\"><strong>Dal 2020<\/strong> \u2013 Francesco Svelto collabora con <strong>Auto<\/strong>, ampliando la presenza del network nel panorama editoriale nazionale.<\/p>\n<p style=\"text-align: justify;\"><strong>2021-2025<\/strong> \u2013 Evoluzione definitiva in <strong>Pit Talk Network<\/strong>: consolidamento del brand, crescita della community digitale e ampliamento dei contenuti multimediali attraverso podcast, video e live streaming.<\/p>\n<p>Il Team<br \/>\nCoordinamento<\/p>\n<p style=\"text-align: justify;\"><strong>Antonio Granato<\/strong> \u2013 Coordinatore<br \/>antonio.granato@pittalk.it | Twitter: <a href=\"https:\/\/twitter.com\/antoniogranato\" rel=\"nofollow noopener\" target=\"_blank\">@antoniogranato<\/a><br \/>Fondatore del progetto, esperto di analisi tecnica F1, docente e collaboratore di SkySport, Autosprint e Vandone Film.<\/p>\n<p style=\"text-align: justify;\"><strong>Francesco Svelto<\/strong> \u2013 Caporedattore<br \/>francesco.svelto@pittalk.it | Twitter: <a href=\"https:\/\/twitter.com\/f_svelto\" rel=\"nofollow noopener\" target=\"_blank\">@f_svelto<\/a> | Telegram: @f_svelto<br \/>Giornalista motorsport, collaboratore di Auto, docente e voce del podcast Pit Talk.<\/p>\n<p>Redazione<\/p>\n<p style=\"text-align: justify;\"><strong>Francesco Svelto<\/strong> \u2013 Cronaca, news e opinioni<br \/>francesco.svelto@pittalk.it | Twitter: <a href=\"https:\/\/twitter.com\/f_svelto\" rel=\"nofollow noopener\" target=\"_blank\">@f_svelto<\/a> | Telegram: @f_svelto<\/p>\n<p style=\"text-align: justify;\"><strong>Alberto Murador<\/strong> \u2013 Cronaca e WEC<br \/>alberto.murador@pittalk.it | Twitter: <a href=\"https:\/\/twitter.com\/albertomurador\" rel=\"nofollow noopener\" target=\"_blank\">@albertomurador<\/a> | Telegram: @rpm86<\/p>\n<p style=\"text-align: justify;\"><strong>Gabriele Bovio<\/strong> \u2013 Cronaca e Social Media<br \/>gabriele.bovio@pittalk.it<\/p>\n<p style=\"text-align: justify;\"><strong>Davide Rossi<\/strong> \u2013 Cronaca<br \/>Telegram: @Davide_Rossi_89<\/p>\n<p style=\"text-align: justify;\"><strong>Fabrizio Bianchini<\/strong> \u2013 IndyCar e mondo USA<\/p>\n<p>Tecnica<\/p>\n<p style=\"text-align: justify;\"><strong>Antonio Granato<\/strong> \u2013 Analisi tecnica F1<br \/>antonio.granato@pittalk.it<\/p>\n<p>Collaboratori<\/p>\n<p style=\"text-align: justify;\"><strong>Renato Ronco<\/strong><\/p>\n<p>Partner e collaborazioni (passate e presenti)\u00a0<\/p>\n<p style=\"text-align: justify;\"><img loading=\"lazy\" decoding=\"async\" class=\"wp-image-30227 aligncenter lazyload\" alt=\"logo_sky\" width=\"191\" height=\"26\" src=\"https:\/\/www.europesays.com\/it\/wp-content\/uploads\/2025\/10\/logo_sky-250x34.png\"  data- data-eio-rwidth=\"250\" data-eio-rheight=\"34\"\/><img loading=\"lazy\" decoding=\"async\" class=\"wp-image-42893 aligncenter lazyload\" alt=\"vandonefilm\" width=\"152\" height=\"41\" src=\"https:\/\/www.europesays.com\/it\/wp-content\/uploads\/2025\/10\/vandonefilm-250x67.jpg\"  data- data-eio-rwidth=\"250\" data-eio-rheight=\"67\"\/><\/p>\n<p style=\"text-align: justify;\"><img loading=\"lazy\" decoding=\"async\" class=\"wp-image-37805 aligncenter lazyload\" alt=\"ilfatto_j\" width=\"182\" height=\"64\" src=\"https:\/\/www.europesays.com\/it\/wp-content\/uploads\/2025\/10\/ilfatto_j-250x88.jpg\"  data- data-eio-rwidth=\"250\" data-eio-rheight=\"88\"\/><a href=\"https:\/\/academy.experismotorsport.it\/ita\/executive-course\/comunicazione-media-motorsport\" rel=\"nofollow noopener\" target=\"_blank\"><img loading=\"lazy\" decoding=\"async\" class=\"wp-image-42115 aligncenter lazyload\" alt=\"Banner F1Sport - iscrizioni\" width=\"201\" height=\"33\" src=\"https:\/\/www.europesays.com\/it\/wp-content\/uploads\/2025\/10\/Banner-F1Sport-iscrizioni-2-250x41.jpg\"  data- data-eio-rwidth=\"250\" data-eio-rheight=\"41\"\/><\/a><img loading=\"lazy\" decoding=\"async\" class=\"wp-image-56751 aligncenter lazyload\" alt=\"\" width=\"100\" height=\"100\" src=\"https:\/\/www.europesays.com\/it\/wp-content\/uploads\/2025\/10\/Logo_AS_low_400x400-250x250.jpg\"  data- data-eio-rwidth=\"250\" data-eio-rheight=\"250\"\/><img loading=\"lazy\" decoding=\"async\" class=\"wp-image-83607 aligncenter lazyload\" alt=\"\" width=\"167\" height=\"39\" src=\"https:\/\/www.europesays.com\/it\/wp-content\/uploads\/2025\/10\/auto-250x57.png\"  data- data-eio-rwidth=\"250\" data-eio-rheight=\"57\"\/><\/p>\n<p style=\"text-align: justify;\">\u00a0<\/p>\n<p style=\"text-align: justify;\">Nel corso degli anni abbiamo avuto l\u2019onore di collaborare con alcune delle pi\u00f9 prestigiose realt\u00e0 del panorama media e motorsport italiano, costruendo relazioni professionali durature basate sulla competenza e sulla passione condivisa.<\/p>\n<p>Seguici e contattaci<\/p>\n<p style=\"text-align: justify;\"><strong>Resta aggiornato su tutte le nostre attivit\u00e0:<\/strong><\/p>\n<p style=\"text-align: justify;\"><strong>Facebook<\/strong>: Pit Talk F1<br \/><strong>Instagram<\/strong>: @pittalkf1<br \/><strong>Podcast<\/strong>: Pit Talk (disponibile su tutte le piattaforme)<br \/><strong>Sito Web<\/strong>: <a href=\"https:\/\/www.pittalk.it\/\" rel=\"nofollow noopener\" target=\"_blank\">www.pittalk.it<\/a><\/p>\n<p style=\"text-align: justify;\"><strong>Hai una proposta, una domanda o vuoi collaborare con noi?<\/strong><br \/>\u2709\ufe0f <strong>Email<\/strong>: info@pittalk.it<\/p>\n<p style=\"text-align: justify;\"><strong>Sede<\/strong>: Roma<\/p>\n<p style=\"text-align: justify;\">Pit Talk Network \u2013 Dove la passione per il motorsport incontra l\u2019informazione di qualit\u00e0<\/p>\n<p>                                <script async src=\"https:\/\/platform.twitter.com\/widgets.js\" charset=\"utf-8\"><\/script><\/p>\n","protected":false},"excerpt":{"rendered":"Passione, competenza e informazione: il motorsport raccontato da chi lo vive Pit Talk \u00e8 il network italiano di&hellip;\n","protected":false},"author":3,"featured_media":146120,"comment_status":"","ping_status":"","sticky":false,"template":"","format":"standard","meta":{"footnotes":""},"categories":[1454],"tags":[1770,683,1771,1537,90,89,245,244],"class_list":{"0":"post-146119","1":"post","2":"type-post","3":"status-publish","4":"format-standard","5":"has-post-thumbnail","7":"category-f1","8":"tag-f1","9":"tag-formula-1","10":"tag-formula1","11":"tag-it","12":"tag-italia","13":"tag-italy","14":"tag-sport","15":"tag-sports"},"share_on_mastodon":{"url":"","error":""},"_links":{"self":[{"href":"https:\/\/www.europesays.com\/it\/wp-json\/wp\/v2\/posts\/146119","targetHints":{"allow":["GET"]}}],"collection":[{"href":"https:\/\/www.europesays.com\/it\/wp-json\/wp\/v2\/posts"}],"about":[{"href":"https:\/\/www.europesays.com\/it\/wp-json\/wp\/v2\/types\/post"}],"author":[{"embeddable":true,"href":"https:\/\/www.europesays.com\/it\/wp-json\/wp\/v2\/users\/3"}],"replies":[{"embeddable":true,"href":"https:\/\/www.europesays.com\/it\/wp-json\/wp\/v2\/comments?post=146119"}],"version-history":[{"count":0,"href":"https:\/\/www.europesays.com\/it\/wp-json\/wp\/v2\/posts\/146119\/revisions"}],"wp:featuredmedia":[{"embeddable":true,"href":"https:\/\/www.europesays.com\/it\/wp-json\/wp\/v2\/media\/146120"}],"wp:attachment":[{"href":"https:\/\/www.europesays.com\/it\/wp-json\/wp\/v2\/media?parent=146119"}],"wp:term":[{"taxonomy":"category","embeddable":true,"href":"https:\/\/www.europesays.com\/it\/wp-json\/wp\/v2\/categories?post=146119"},{"taxonomy":"post_tag","embeddable":true,"href":"https:\/\/www.europesays.com\/it\/wp-json\/wp\/v2\/tags?post=146119"}],"curies":[{"name":"wp","href":"https:\/\/api.w.org\/{rel}","templated":true}]}}